{"id":72842,"date":"2022-12-21T17:30:04","date_gmt":"2022-12-21T20:30:04","guid":{"rendered":"https:\/\/www.centraldenoticias.com.ar\/?p=72842"},"modified":"2022-12-21T17:30:04","modified_gmt":"2022-12-21T20:30:04","slug":"rodriguez-larreta-la-gente-no-puede-vivir-mas-con-el-nivel-de-inflacion-que-hay","status":"publish","type":"post","link":"https:\/\/cdnoticias.com\/index.php\/2022\/12\/21\/rodriguez-larreta-la-gente-no-puede-vivir-mas-con-el-nivel-de-inflacion-que-hay\/","title":{"rendered":"Rodr\u00edguez Larreta: \u201cLa gente no puede vivir m\u00e1s con el nivel de inflaci\u00f3n que hay\u201d"},"content":{"rendered":"<p>El jefe de Gobierno de la Ciudad de Buenos Aires, Horacio Rodr\u00edguez Larreta, recorri\u00f3 este s\u00e1bado el municipio de Escobar junto al diputado nacional por la provincia de Buenos Aires, Diego Santilli.<!--more--><\/p>\n<hr \/>\n<p>El jefe de Gobierno de la Ciudad de Buenos Aires,<strong> Horacio Rodr\u00edguez Larreta<\/strong>, recorri\u00f3 este s\u00e1bado el <strong>municipio de Escobar<\/strong> junto al diputado nacional por la provincia de Buenos Aires, <strong>Diego Santilli.<\/strong><\/p>\n<p>&nbsp;<\/p>\n<p>Larreta expres\u00f3 que <em><strong>\u201cla gente no puede vivir m\u00e1s con el nivel de inflaci\u00f3n que hay<\/strong><\/em>\u201d. Lo sostuvo luego de mantener una reuni\u00f3n con vecinos y caminar por los centros comerciales de Gar\u00edn y Bel\u00e9n de Escobar, actividades en las que tambi\u00e9n estuvo acompa\u00f1ado por el intendente de Tres de Febrero, Diego Valenzuela; el concejal local Diego Castagnaro y el referente de Juntos por el Cambio de esa zona, Mariano Castagnaro.<\/p>\n<p>&nbsp;<\/p>\n<p>Adem\u00e1s, afirm\u00f3 que <em><strong>\u201clos comerciantes no pueden trabajar por las constantes subas de precios<\/strong><\/em>. En una panader\u00eda nos dec\u00edan que los sandwichitos de miga ya hab\u00edan aumentado tres veces en lo que va del mes. Si no los suben van a p\u00e9rdida, y si lo hacen, se complica la fidelidad de sus clientes. Tampoco saben a qu\u00e9 precio van a reponer el queso y el jam\u00f3n la siguiente semana\u201d.<\/p>\n<p>&nbsp;<\/p>\n<p>Por su parte,<strong> Santilli<\/strong> se refiri\u00f3 a la <strong>delicada situaci\u00f3n de la seguridad en el municipio.<\/strong> Asegur\u00f3 que <strong>\u201cla gente vive con miedo\u201d<\/strong> y sostuvo que <strong>\u201chay que devolverles la paz a los bonaerenses\u201d<\/strong>.<\/p>\n<p>&nbsp;<\/p>\n<p><img data-recalc-dims=\"1\" loading=\"lazy\" decoding=\"async\" class=\"aligncenter wp-image-72845 size-full\" src=\"https:\/\/i0.wp.com\/cdnoticias.com\/wp-content\/uploads\/2022\/12\/WhatsApp-Image-2022-12-17-at-14.21.51.jpeg?resize=800%2C534&#038;ssl=1\" alt=\"\" width=\"800\" height=\"534\" srcset=\"https:\/\/i0.wp.com\/cdnoticias.com\/wp-content\/uploads\/2022\/12\/WhatsApp-Image-2022-12-17-at-14.21.51.jpeg?w=1280&amp;ssl=1 1280w, https:\/\/i0.wp.com\/cdnoticias.com\/wp-content\/uploads\/2022\/12\/WhatsApp-Image-2022-12-17-at-14.21.51.jpeg?resize=300%2C200&amp;ssl=1 300w, https:\/\/i0.wp.com\/cdnoticias.com\/wp-content\/uploads\/2022\/12\/WhatsApp-Image-2022-12-17-at-14.21.51.jpeg?resize=1024%2C683&amp;ssl=1 1024w, https:\/\/i0.wp.com\/cdnoticias.com\/wp-content\/uploads\/2022\/12\/WhatsApp-Image-2022-12-17-at-14.21.51.jpeg?resize=768%2C512&amp;ssl=1 768w, https:\/\/i0.wp.com\/cdnoticias.com\/wp-content\/uploads\/2022\/12\/WhatsApp-Image-2022-12-17-at-14.21.51.jpeg?resize=272%2C182&amp;ssl=1 272w\" sizes=\"auto, (max-width: 800px) 100vw, 800px\" \/><\/p>\n<p>&nbsp;<\/p>\n<p>Adem\u00e1s Santilli se\u00f1al\u00f3 que para lograrlo, <em><strong>\u201chay que tomar una decisi\u00f3n clara y contundente de defender a los ciudadanos y a las v\u00edctimas, y combatir a los delincuentes\u201d. <\/strong><\/em>En tanto, el referente local de Juntos, <strong>Mariano Castagnaro<\/strong>, afirm\u00f3 que \u201c<strong>Escobar necesita cloacas e infraestructura<\/strong> como lo hizo Horacio en la Ciudad; y seguridad sin bajar en helic\u00f3ptero y sin gritos, como lo hizo Santilli\u201d.<\/p>\n<p>&nbsp;<\/p>\n<p>Durante su visita Rodr\u00edguez Larreta tambi\u00e9n tuvo un encuentro con Lucas Vega, un alumno que finaliz\u00f3 sus estudios mediante el programa \u201cTermin\u00e1 la Secundaria\u201d, impulsado por el Ministerio de Educaci\u00f3n del Gobierno de la Ciudad de Buenos Aires.<\/p>\n<p>&nbsp;<\/p>\n<p>Lucas vive en Matheu, con su mujer D\u00e9bora (33) y su hija Luciana (2). Trabaja desde hace 17 a\u00f1os en Transfarmaco S.A., una empresa de log\u00edstica asociada a ese programa de educaci\u00f3n porte\u00f1o. Gracias a esa iniciativa, adem\u00e1s de finalizar la secundaria hoy est\u00e1 cursando la Licenciatura en Log\u00edstica. Adem\u00e1s, particip\u00f3 de un curso de ingl\u00e9s y otro de ecommerce que le permitieron conseguir un ascenso en el trabajo (de supervisor a jefe de operaciones).<\/p>\n<p>&nbsp;<\/p>\n<p>Lucas dijo <strong>sentirse \u201corgulloso\u201d de ser un ejemplo para su hija,<\/strong> tambi\u00e9n impuls\u00f3 a sus compa\u00f1eros de trabajo a seguir sus pasos, y a su padre, que ahora estudia abogac\u00eda. &#8220;Sue\u00f1a con que la situaci\u00f3n econ\u00f3mica del pa\u00eds cambie para poder comprarse un terreno y construir su casa&#8221; se indic\u00f3.<\/p>\n","protected":false},"excerpt":{"rendered":"<p>El jefe de Gobierno de la Ciudad de Buenos Aires, Horacio Rodr\u00edguez Larreta, recorri\u00f3 este s\u00e1bado el municipio de Escobar<\/p>\n","protected":false},"author":6,"featured_media":72844,"comment_status":"closed","ping_status":"closed","sticky":false,"template":"","format":"standard","meta":{"_jetpack_memberships_contains_paid_content":false,"footnotes":""},"categories":[4],"tags":[],"class_list":["post-72842","post","type-post","status-publish","format-standard","has-post-thumbnail","hentry","category-politica"],"jetpack_featured_media_url":"https:\/\/i0.wp.com\/cdnoticias.com\/wp-content\/uploads\/2022\/12\/WhatsApp-Image-2022-12-17-at-14.21.52.jpeg?fit=1280%2C854&ssl=1","jetpack_sharing_enabled":true,"_links":{"self":[{"href":"https:\/\/cdnoticias.com\/index.php\/wp-json\/wp\/v2\/posts\/72842","targetHints":{"allow":["GET"]}}],"collection":[{"href":"https:\/\/cdnoticias.com\/index.php\/wp-json\/wp\/v2\/posts"}],"about":[{"href":"https:\/\/cdnoticias.com\/index.php\/wp-json\/wp\/v2\/types\/post"}],"author":[{"embeddable":true,"href":"https:\/\/cdnoticias.com\/index.php\/wp-json\/wp\/v2\/users\/6"}],"replies":[{"embeddable":true,"href":"https:\/\/cdnoticias.com\/index.php\/wp-json\/wp\/v2\/comments?post=72842"}],"version-history":[{"count":0,"href":"https:\/\/cdnoticias.com\/index.php\/wp-json\/wp\/v2\/posts\/72842\/revisions"}],"wp:featuredmedia":[{"embeddable":true,"href":"https:\/\/cdnoticias.com\/index.php\/wp-json\/wp\/v2\/media\/72844"}],"wp:attachment":[{"href":"https:\/\/cdnoticias.com\/index.php\/wp-json\/wp\/v2\/media?parent=72842"}],"wp:term":[{"taxonomy":"category","embeddable":true,"href":"https:\/\/cdnoticias.com\/index.php\/wp-json\/wp\/v2\/categories?post=72842"},{"taxonomy":"post_tag","embeddable":true,"href":"https:\/\/cdnoticias.com\/index.php\/wp-json\/wp\/v2\/tags?post=72842"}],"curies":[{"name":"wp","href":"https:\/\/api.w.org\/{rel}","templated":true}]}}