{"id":728,"date":"2020-09-04T08:45:06","date_gmt":"2020-09-04T11:45:06","guid":{"rendered":"http:\/\/www.centraldenoticias.com.ar\/?p=728"},"modified":"2020-09-04T08:45:06","modified_gmt":"2020-09-04T11:45:06","slug":"cosme-venancio-lindner-q-e-p-d","status":"publish","type":"post","link":"https:\/\/cdnoticias.com\/index.php\/2020\/09\/04\/cosme-venancio-lindner-q-e-p-d\/","title":{"rendered":"Cosme Venancio Lindner (Q.E.P.D.)"},"content":{"rendered":"<p>Falleci\u00f3 en Olavarr\u00eda a los 90 a\u00f1os de edad. Sus hijos Dante y Norma; sus hijos pol\u00edticos Agust\u00edn y Marlene; sus nietos Ayel\u00e9n, Yesica, Mar\u00eda Luz, Marcela y Emiliano; sus bisnietos Olivia, Santino, Joaqu\u00edn y Nicol\u00e1s; su hermano Alfredo; su hermana pol\u00edtica Mar\u00eda y dem\u00e1s deudos participan su fallecimiento.<\/p>\n<p>&nbsp;<\/p>\n<p>Sus restos ser\u00e1n inhumados en el Cementerio Municipal de Hinojo este viernes a las 13 horas. Vecino del barrio Villa Floresta, nacido en Colonia Nievas, jubilado y pensionado.<\/p>\n","protected":false},"excerpt":{"rendered":"<p>Falleci\u00f3 en Olavarr\u00eda a los 90 a\u00f1os de edad. Sus hijos Dante y Norma; sus hijos pol\u00edticos Agust\u00edn y Marlene;<\/p>\n","protected":false},"author":2,"featured_media":0,"comment_status":"closed","ping_status":"closed","sticky":false,"template":"","format":"standard","meta":{"_jetpack_memberships_contains_paid_content":false,"footnotes":""},"categories":[10],"tags":[],"class_list":["post-728","post","type-post","status-publish","format-standard","hentry","category-necrologicas"],"jetpack_featured_media_url":"","jetpack_sharing_enabled":true,"_links":{"self":[{"href":"https:\/\/cdnoticias.com\/index.php\/wp-json\/wp\/v2\/posts\/728","targetHints":{"allow":["GET"]}}],"collection":[{"href":"https:\/\/cdnoticias.com\/index.php\/wp-json\/wp\/v2\/posts"}],"about":[{"href":"https:\/\/cdnoticias.com\/index.php\/wp-json\/wp\/v2\/types\/post"}],"author":[{"embeddable":true,"href":"https:\/\/cdnoticias.com\/index.php\/wp-json\/wp\/v2\/users\/2"}],"replies":[{"embeddable":true,"href":"https:\/\/cdnoticias.com\/index.php\/wp-json\/wp\/v2\/comments?post=728"}],"version-history":[{"count":0,"href":"https:\/\/cdnoticias.com\/index.php\/wp-json\/wp\/v2\/posts\/728\/revisions"}],"wp:attachment":[{"href":"https:\/\/cdnoticias.com\/index.php\/wp-json\/wp\/v2\/media?parent=728"}],"wp:term":[{"taxonomy":"category","embeddable":true,"href":"https:\/\/cdnoticias.com\/index.php\/wp-json\/wp\/v2\/categories?post=728"},{"taxonomy":"post_tag","embeddable":true,"href":"https:\/\/cdnoticias.com\/index.php\/wp-json\/wp\/v2\/tags?post=728"}],"curies":[{"name":"wp","href":"https:\/\/api.w.org\/{rel}","templated":true}]}}