{"id":72773,"date":"2022-12-17T20:01:42","date_gmt":"2022-12-17T23:01:42","guid":{"rendered":"https:\/\/www.centraldenoticias.com.ar\/?p=72773"},"modified":"2022-12-18T09:09:07","modified_gmt":"2022-12-18T12:09:07","slug":"un-fallecido-tras-choque-de-motos","status":"publish","type":"post","link":"https:\/\/cdnoticias.com\/index.php\/2022\/12\/17\/un-fallecido-tras-choque-de-motos\/","title":{"rendered":"Un fallecido tras choque de motos"},"content":{"rendered":"<p>El siniestro vial se dio este s\u00e1bado por la tarde en Urquiza y Coronel Su\u00e1rez. El hombre hab\u00eda sido derivado al Hospital Municipal.<!--more--><\/p>\n<hr \/>\n<p><strong>Un siniestro vial fatal se dio en barrio Luj\u00e1n<\/strong> en la tarde de este s\u00e1bado.<\/p>\n<p>&nbsp;<\/p>\n<p>Dos mostos colisionaron en el cruce de <strong>Urquiza y Coronel Su\u00e1rez<\/strong> pasadas las 17. <strong>Uno de los conductores fue derivado al Hospital en grave estado y falleci\u00f3 poco despu\u00e9s.<\/strong><\/p>\n<p>&nbsp;<\/p>\n<blockquote><p>El impacto fue violento entre los dos veh\u00edculos. Seg\u00fan se pudo saber, una de las motos involucradas es una Motomel 150 cc de color negro. En ese rodado, que circulaba por Urquiza hacia Del Valle, transitaba el motociclista que finalmente muri\u00f3.<\/p><\/blockquote>\n<p>&nbsp;<\/p>\n<p>Dio contra <strong>una moto Honda tipo Cross de color rojo<\/strong> que tambi\u00e9n viajaba por Urquiza en sentido hacia avenida Col\u00f3n.<\/p>\n<p>&nbsp;<\/p>\n<p><img data-recalc-dims=\"1\" loading=\"lazy\" decoding=\"async\" class=\"size-full wp-image-72774 aligncenter\" src=\"https:\/\/i0.wp.com\/cdnoticias.com\/wp-content\/uploads\/2022\/12\/en-linea-choque-urquiza-y-suarez-1.jpg?resize=800%2C445&#038;ssl=1\" alt=\"\" width=\"800\" height=\"445\" srcset=\"https:\/\/i0.wp.com\/cdnoticias.com\/wp-content\/uploads\/2022\/12\/en-linea-choque-urquiza-y-suarez-1.jpg?w=800&amp;ssl=1 800w, https:\/\/i0.wp.com\/cdnoticias.com\/wp-content\/uploads\/2022\/12\/en-linea-choque-urquiza-y-suarez-1.jpg?resize=300%2C167&amp;ssl=1 300w, https:\/\/i0.wp.com\/cdnoticias.com\/wp-content\/uploads\/2022\/12\/en-linea-choque-urquiza-y-suarez-1.jpg?resize=768%2C427&amp;ssl=1 768w\" sizes=\"auto, (max-width: 800px) 100vw, 800px\" \/><\/p>\n<p>&nbsp;<\/p>\n<p>La principal hip\u00f3tesis de lo sucedido es que <strong>el conductor de la moto Honda habr\u00eda intentado girar a la izquierda y en esa maniobra se produjo el choque.<\/strong><\/p>\n<p>&nbsp;<\/p>\n<p>El conductor de la Motomel qued\u00f3 en grave estado y <strong>fue trasladado al Hospital Municipal por una ambulancia del SAME de forma inmediata<\/strong>. Poco despu\u00e9s se confirm\u00f3 su fallecimiento.<\/p>\n<p>&nbsp;<\/p>\n<p>En el lugar del siniestro se mont\u00f3 un <strong>amplio operativo para controlar el tr\u00e1nsito<\/strong> y preservar la escena, adem\u00e1s de dar lugar a la labor de los peritos de Polic\u00eda Cient\u00edfica.<\/p>\n<p>&nbsp;<\/p>\n<p>Fuente y fotos: <em>En L\u00ednea Noticias<\/em><\/p>\n<p>&nbsp;<\/p>\n","protected":false},"excerpt":{"rendered":"<p>El siniestro vial se dio este s\u00e1bado por la tarde en Urquiza y Coronel Su\u00e1rez. El hombre hab\u00eda sido derivado<\/p>\n","protected":false},"author":4,"featured_media":72775,"comment_status":"closed","ping_status":"closed","sticky":false,"template":"","format":"standard","meta":{"_jetpack_memberships_contains_paid_content":false,"footnotes":""},"categories":[14,1],"tags":[],"class_list":["post-72773","post","type-post","status-publish","format-standard","has-post-thumbnail","hentry","category-policiales","category-portada"],"jetpack_featured_media_url":"https:\/\/i0.wp.com\/cdnoticias.com\/wp-content\/uploads\/2022\/12\/en-linea-choque-urquiza-y-suarez.jpg?fit=800%2C445&ssl=1","jetpack_sharing_enabled":true,"_links":{"self":[{"href":"https:\/\/cdnoticias.com\/index.php\/wp-json\/wp\/v2\/posts\/72773","targetHints":{"allow":["GET"]}}],"collection":[{"href":"https:\/\/cdnoticias.com\/index.php\/wp-json\/wp\/v2\/posts"}],"about":[{"href":"https:\/\/cdnoticias.com\/index.php\/wp-json\/wp\/v2\/types\/post"}],"author":[{"embeddable":true,"href":"https:\/\/cdnoticias.com\/index.php\/wp-json\/wp\/v2\/users\/4"}],"replies":[{"embeddable":true,"href":"https:\/\/cdnoticias.com\/index.php\/wp-json\/wp\/v2\/comments?post=72773"}],"version-history":[{"count":0,"href":"https:\/\/cdnoticias.com\/index.php\/wp-json\/wp\/v2\/posts\/72773\/revisions"}],"wp:featuredmedia":[{"embeddable":true,"href":"https:\/\/cdnoticias.com\/index.php\/wp-json\/wp\/v2\/media\/72775"}],"wp:attachment":[{"href":"https:\/\/cdnoticias.com\/index.php\/wp-json\/wp\/v2\/media?parent=72773"}],"wp:term":[{"taxonomy":"category","embeddable":true,"href":"https:\/\/cdnoticias.com\/index.php\/wp-json\/wp\/v2\/categories?post=72773"},{"taxonomy":"post_tag","embeddable":true,"href":"https:\/\/cdnoticias.com\/index.php\/wp-json\/wp\/v2\/tags?post=72773"}],"curies":[{"name":"wp","href":"https:\/\/api.w.org\/{rel}","templated":true}]}}