{"id":72763,"date":"2022-12-17T17:05:38","date_gmt":"2022-12-17T20:05:38","guid":{"rendered":"https:\/\/www.centraldenoticias.com.ar\/?p=72763"},"modified":"2022-12-17T17:05:38","modified_gmt":"2022-12-17T20:05:38","slug":"nilda-irene-vega-viuda-de-contini-q-e-p-d","status":"publish","type":"post","link":"https:\/\/cdnoticias.com\/index.php\/2022\/12\/17\/nilda-irene-vega-viuda-de-contini-q-e-p-d\/","title":{"rendered":"Nilda Irene Vega viuda de Contini (Q.E.P.D.)"},"content":{"rendered":"<p>&nbsp;<\/p>\n<p>Falleci\u00f3 en Olavarr\u00eda el 17 de diciembre de 2022 a los 81 a\u00f1os de edad.<\/p>\n<p>&nbsp;<\/p>\n<p>Sus hijos: Francisco y Mar\u00eda Contini; sus hijos pol\u00edticos; sus nietos y dem\u00e1s deudos participan su fallecimiento.<\/p>\n<p>&nbsp;<\/p>\n<p>Velatorio: Sala &#8220;B&#8221; de Espa\u00f1a 2942. Sin responso. Inhumaci\u00f3n: Cementerio Loma de Paz, domingo 18 a las 9:30.<\/p>\n<p>&nbsp;<\/p>\n<p>Barrio en el que viv\u00eda: Pueblo Nuevo<\/p>\n<p>&nbsp;<\/p>\n<p>Lugar de nacimiento: Olavarr\u00eda<\/p>\n<p>&nbsp;<\/p>\n<p>Actividad que desarrollaba: Jubilada y pensionada<\/p>\n<p>&nbsp;<\/p>\n","protected":false},"excerpt":{"rendered":"<p>&nbsp; Falleci\u00f3 en Olavarr\u00eda el 17 de diciembre de 2022 a los 81 a\u00f1os de edad. &nbsp; Sus hijos: Francisco<\/p>\n","protected":false},"author":4,"featured_media":67646,"comment_status":"closed","ping_status":"closed","sticky":false,"template":"","format":"standard","meta":{"_jetpack_memberships_contains_paid_content":false,"footnotes":""},"categories":[10],"tags":[],"class_list":["post-72763","post","type-post","status-publish","format-standard","has-post-thumbnail","hentry","category-necrologicas"],"jetpack_featured_media_url":"https:\/\/i0.wp.com\/cdnoticias.com\/wp-content\/uploads\/2022\/10\/necrologicas-390-x-240.jpg?fit=390%2C240&ssl=1","jetpack_sharing_enabled":true,"_links":{"self":[{"href":"https:\/\/cdnoticias.com\/index.php\/wp-json\/wp\/v2\/posts\/72763","targetHints":{"allow":["GET"]}}],"collection":[{"href":"https:\/\/cdnoticias.com\/index.php\/wp-json\/wp\/v2\/posts"}],"about":[{"href":"https:\/\/cdnoticias.com\/index.php\/wp-json\/wp\/v2\/types\/post"}],"author":[{"embeddable":true,"href":"https:\/\/cdnoticias.com\/index.php\/wp-json\/wp\/v2\/users\/4"}],"replies":[{"embeddable":true,"href":"https:\/\/cdnoticias.com\/index.php\/wp-json\/wp\/v2\/comments?post=72763"}],"version-history":[{"count":0,"href":"https:\/\/cdnoticias.com\/index.php\/wp-json\/wp\/v2\/posts\/72763\/revisions"}],"wp:featuredmedia":[{"embeddable":true,"href":"https:\/\/cdnoticias.com\/index.php\/wp-json\/wp\/v2\/media\/67646"}],"wp:attachment":[{"href":"https:\/\/cdnoticias.com\/index.php\/wp-json\/wp\/v2\/media?parent=72763"}],"wp:term":[{"taxonomy":"category","embeddable":true,"href":"https:\/\/cdnoticias.com\/index.php\/wp-json\/wp\/v2\/categories?post=72763"},{"taxonomy":"post_tag","embeddable":true,"href":"https:\/\/cdnoticias.com\/index.php\/wp-json\/wp\/v2\/tags?post=72763"}],"curies":[{"name":"wp","href":"https:\/\/api.w.org\/{rel}","templated":true}]}}