{"id":72755,"date":"2022-12-17T15:00:11","date_gmt":"2022-12-17T18:00:11","guid":{"rendered":"https:\/\/www.centraldenoticias.com.ar\/?p=72755"},"modified":"2022-12-17T15:00:11","modified_gmt":"2022-12-17T18:00:11","slug":"kicillof-celebro-la-aprobacion-del-presupuesto-permiten-ampliar-derechos","status":"publish","type":"post","link":"https:\/\/cdnoticias.com\/index.php\/2022\/12\/17\/kicillof-celebro-la-aprobacion-del-presupuesto-permiten-ampliar-derechos\/","title":{"rendered":"Kicillof celebr\u00f3 la aprobaci\u00f3n del Presupuesto: \u201cPermiten ampliar derechos\u201d"},"content":{"rendered":"<p>El gobernador bonaerense remarc\u00f3 que &#8220;es un presupuesto que nos llena de orgullo&#8221;.<br \/>\n<!--more--><\/p>\n<hr \/>\n<p>El <strong>gobernador bonaerense Axel Kicillof<\/strong> <strong>celebr\u00f3 la aprobaci\u00f3n del Presupuesto 2023<\/strong> sancionado por la Legislatura, y asegur\u00f3 que posibilitar\u00e1 <em><strong>\u201cuna fuerte expansi\u00f3n de las partidas que permiten ampliar derechos\u201d.<\/strong><\/em><\/p>\n<p>&nbsp;<\/p>\n<p>En un <strong>mensaje en la red social Twitter<\/strong>, Kicillof agradeci\u00f3 a la vicegobernadora Ver\u00f3nica Magario, los y las legisladoras del Frente de Todos (FdT) y de la oposici\u00f3n por acompa\u00f1ar la sanci\u00f3n de la mencionada ley esta madrugada.<\/p>\n<p>&nbsp;<\/p>\n<p>El <strong>Presupuesto 2023<\/strong> para la<strong> provincia de Buenos Aires contempla gastos por 6,9 billones de pesos,<\/strong> un d\u00e9ficit primario de $81.000 millones y un d\u00e9ficit financiero de $249.000 millones, e incluye pedidos de financiamiento con organismos internacionales en moneda extranjera y en moneda local por $168.062 millones.<\/p>\n<p>&nbsp;<\/p>\n<p>\u201cCon el jefe de Gabinete @minsaurralde y el ministro de Econom\u00eda @PabloJ_LopezOK, trabajamos estos d\u00edas y hasta la madrugada para lograrlo. <strong>El presupuesto aprobado incluye un fondo para seguridad y un programa de obras por un total de $56,5 mil millones que aporta la provincia<\/strong>. <strong>Ser\u00e1 ejecutado por cada uno de los 135 municipios y se distribuye equitativamente seg\u00fan indicadores objetivos<\/strong>\u201d escribi\u00f3 el gobernador en Twitter.<\/p>\n<p>&nbsp;<\/p>\n<p><em><strong>\u201cEs un presupuesto que nos llena de orgullo porque implica una fuerte expansi\u00f3n de las partidas que permiten ampliar derechos de los y las bonaerenses y sigue tambi\u00e9n avanzando en una estructura impositiva m\u00e1s progresiva, que cobra m\u00e1s a los que m\u00e1s tienen\u201d,<\/strong><\/em> remarc\u00f3 Kicillof.<\/p>\n<p>&nbsp;<\/p>\n<blockquote><p>Seg\u00fan el presupuesto, para la producci\u00f3n y empleo se destinar\u00e1n $14.000 millones; para la promoci\u00f3n social $280.000 millones; para infraestructura $550.000 millones; para salud $162.000 millones; para educaci\u00f3n y cultura $1.827 millones; para seguridad $62.000 millones; para perspectiva de g\u00e9nero casi $129.000 millones, y para la ambiental casi $ 12.000 millones.<\/p><\/blockquote>\n<p>&nbsp;<\/p>\n<p>&nbsp;<\/p>\n<blockquote class=\"twitter-tweet\">\n<p dir=\"ltr\" lang=\"es\">El presupuesto aprobado incluye un fondo para seguridad y un programa de obras por un total de $56,5 mil millones que aporta la provincia. Ser\u00e1 ejecutado por cada uno de los 135 municipios y se distribuye equitativamente seg\u00fan indicadores objetivos.<\/p>\n<p>\u2014 Axel Kicillof (@Kicillofok) <a href=\"https:\/\/twitter.com\/Kicillofok\/status\/1603853243221970944?ref_src=twsrc%5Etfw\">December 16, 2022<\/a><\/p><\/blockquote>\n<p><script async src=\"https:\/\/platform.twitter.com\/widgets.js\" charset=\"utf-8\"><\/script><\/p>\n<p>&nbsp;<\/p>\n<p><em>Fuente: DIB\u00a0<\/em><\/p>\n","protected":false},"excerpt":{"rendered":"<p>El gobernador bonaerense remarc\u00f3 que &#8220;es un presupuesto que nos llena de orgullo&#8221;.<\/p>\n","protected":false},"author":6,"featured_media":72756,"comment_status":"closed","ping_status":"closed","sticky":false,"template":"","format":"standard","meta":{"_jetpack_memberships_contains_paid_content":false,"footnotes":""},"categories":[6,1],"tags":[],"class_list":["post-72755","post","type-post","status-publish","format-standard","has-post-thumbnail","hentry","category-nacionales","category-portada"],"jetpack_featured_media_url":"https:\/\/i0.wp.com\/cdnoticias.com\/wp-content\/uploads\/2022\/12\/kici.jpg?fit=1068%2C711&ssl=1","jetpack_sharing_enabled":true,"_links":{"self":[{"href":"https:\/\/cdnoticias.com\/index.php\/wp-json\/wp\/v2\/posts\/72755","targetHints":{"allow":["GET"]}}],"collection":[{"href":"https:\/\/cdnoticias.com\/index.php\/wp-json\/wp\/v2\/posts"}],"about":[{"href":"https:\/\/cdnoticias.com\/index.php\/wp-json\/wp\/v2\/types\/post"}],"author":[{"embeddable":true,"href":"https:\/\/cdnoticias.com\/index.php\/wp-json\/wp\/v2\/users\/6"}],"replies":[{"embeddable":true,"href":"https:\/\/cdnoticias.com\/index.php\/wp-json\/wp\/v2\/comments?post=72755"}],"version-history":[{"count":0,"href":"https:\/\/cdnoticias.com\/index.php\/wp-json\/wp\/v2\/posts\/72755\/revisions"}],"wp:featuredmedia":[{"embeddable":true,"href":"https:\/\/cdnoticias.com\/index.php\/wp-json\/wp\/v2\/media\/72756"}],"wp:attachment":[{"href":"https:\/\/cdnoticias.com\/index.php\/wp-json\/wp\/v2\/media?parent=72755"}],"wp:term":[{"taxonomy":"category","embeddable":true,"href":"https:\/\/cdnoticias.com\/index.php\/wp-json\/wp\/v2\/categories?post=72755"},{"taxonomy":"post_tag","embeddable":true,"href":"https:\/\/cdnoticias.com\/index.php\/wp-json\/wp\/v2\/tags?post=72755"}],"curies":[{"name":"wp","href":"https:\/\/api.w.org\/{rel}","templated":true}]}}