{"id":72729,"date":"2022-12-17T12:02:05","date_gmt":"2022-12-17T15:02:05","guid":{"rendered":"https:\/\/www.centraldenoticias.com.ar\/?p=72729"},"modified":"2022-12-17T12:02:05","modified_gmt":"2022-12-17T15:02:05","slug":"durante-todo-el-ano-estamos-en-contacto-y-se-ve-el-trabajo-que-hacen","status":"publish","type":"post","link":"https:\/\/cdnoticias.com\/index.php\/2022\/12\/17\/durante-todo-el-ano-estamos-en-contacto-y-se-ve-el-trabajo-que-hacen\/","title":{"rendered":"&#8220;Durante todo el a\u00f1o estamos en contacto y se ve el trabajo que hacen&#8221;"},"content":{"rendered":"<p>As\u00ed lo expres\u00f3 el intendente Ezequiel Galli en el tradicional brindis de fin de a\u00f1o. <!--more--><\/p>\n<hr \/>\n<p>Este viernes por la tarde, en el Club Social y Deportivo El Provincial,<strong> el intendente Ezequiel Galli encabez\u00f3 el tradicional brindis de fin de a\u00f1o con las instituciones del Partido de Olavarr\u00eda.<\/strong><\/p>\n<p>&nbsp;<\/p>\n<p>Estuvo acompa\u00f1ado por m\u00e1s de un centenar de representantes, los secretarios de Gobierno y Desarrollo Humano y Calidad de Vida Hilario Galli y Diego Robbiani, el subsecretario de Gobierno Emilio Vitale, la directora de Relaciones con la Comunidad Laura Sequeira y el equipo del \u00e1rea, adem\u00e1s de funcionarios del Gabinete.<\/p>\n<p>&nbsp;<\/p>\n<p><em><strong>\u201cEs el s\u00e9ptimo brindis que hacemos y para mi es un placer estar ac\u00e1. Hay de todos los rubros: bibliotecas, sociedades de fomento, clubes, talleres protegidos, lo que se les ocurra. Todos los que d\u00eda a d\u00eda ponen su granito de arena\u201d <\/strong><\/em>sostuvo Galli.<\/p>\n<p>&nbsp;<\/p>\n<p><img data-recalc-dims=\"1\" loading=\"lazy\" decoding=\"async\" class=\"aligncenter wp-image-72733 size-full\" src=\"https:\/\/i0.wp.com\/cdnoticias.com\/wp-content\/uploads\/2022\/12\/Relaciones-con-la-Comunidad-Brindis-2022-3.jpg?resize=800%2C533&#038;ssl=1\" alt=\"\" width=\"800\" height=\"533\" srcset=\"https:\/\/i0.wp.com\/cdnoticias.com\/wp-content\/uploads\/2022\/12\/Relaciones-con-la-Comunidad-Brindis-2022-3.jpg?w=1600&amp;ssl=1 1600w, https:\/\/i0.wp.com\/cdnoticias.com\/wp-content\/uploads\/2022\/12\/Relaciones-con-la-Comunidad-Brindis-2022-3.jpg?resize=300%2C200&amp;ssl=1 300w, https:\/\/i0.wp.com\/cdnoticias.com\/wp-content\/uploads\/2022\/12\/Relaciones-con-la-Comunidad-Brindis-2022-3.jpg?resize=1024%2C682&amp;ssl=1 1024w, https:\/\/i0.wp.com\/cdnoticias.com\/wp-content\/uploads\/2022\/12\/Relaciones-con-la-Comunidad-Brindis-2022-3.jpg?resize=768%2C512&amp;ssl=1 768w, https:\/\/i0.wp.com\/cdnoticias.com\/wp-content\/uploads\/2022\/12\/Relaciones-con-la-Comunidad-Brindis-2022-3.jpg?resize=1536%2C1023&amp;ssl=1 1536w, https:\/\/i0.wp.com\/cdnoticias.com\/wp-content\/uploads\/2022\/12\/Relaciones-con-la-Comunidad-Brindis-2022-3.jpg?resize=272%2C182&amp;ssl=1 272w\" sizes=\"auto, (max-width: 800px) 100vw, 800px\" \/><\/p>\n<p>&nbsp;<\/p>\n<p>Adem\u00e1s, agreg\u00f3 que \u201cme acompa\u00f1a todo el equipo, gente que <strong>d\u00eda a d\u00eda acompa\u00f1an en una labor que para nosotros es primordial y fundamental, porque con cada uno de ustedes, en todo el Partido de Olavarr\u00eda, durante todo el a\u00f1o estamos en contacto y se ve el trabajo que hacen<\/strong>. Es un trabajo que realmente lleva mucho tiempo y mucho voluntariado y eso es impagable. <strong>Ponen en las instituciones que trabajan lo m\u00e1s valioso que tenemos: el tiempo a disposici\u00f3n\u201d.<\/strong><\/p>\n<p>&nbsp;<\/p>\n<p>Tambi\u00e9n agradeci\u00f3 que \u201c<em>hoy estamos ac\u00e1 todos juntos y no hay nada m\u00e1s lindo que esto. A\u00f1o a a\u00f1o el n\u00famero de instituciones va creciendo, porque vamos trabajando a\u00fan mas con las instituciones que se van sumando y eso destaco de este equipo\u201d.<\/em><\/p>\n<p>&nbsp;<\/p>\n<p>\u201cPara mi es muy importante saludarlos y decirles gracias, de coraz\u00f3n, porque en muchos de los casos los resultados tardaron tiempo en llegar y ustedes tuvieron paciencia y esperaron sabiendo que hab\u00eda un equipo trabajando para obtener logros\u201d cerr\u00f3 Galli.<\/p>\n<p>&nbsp;<\/p>\n<p><img data-recalc-dims=\"1\" loading=\"lazy\" decoding=\"async\" class=\"aligncenter wp-image-72734 size-full\" src=\"https:\/\/i0.wp.com\/cdnoticias.com\/wp-content\/uploads\/2022\/12\/Relaciones-con-la-Comunidad-Brindis-2022-2.jpg?resize=800%2C533&#038;ssl=1\" alt=\"\" width=\"800\" height=\"533\" srcset=\"https:\/\/i0.wp.com\/cdnoticias.com\/wp-content\/uploads\/2022\/12\/Relaciones-con-la-Comunidad-Brindis-2022-2.jpg?w=1500&amp;ssl=1 1500w, https:\/\/i0.wp.com\/cdnoticias.com\/wp-content\/uploads\/2022\/12\/Relaciones-con-la-Comunidad-Brindis-2022-2.jpg?resize=300%2C200&amp;ssl=1 300w, https:\/\/i0.wp.com\/cdnoticias.com\/wp-content\/uploads\/2022\/12\/Relaciones-con-la-Comunidad-Brindis-2022-2.jpg?resize=1024%2C683&amp;ssl=1 1024w, https:\/\/i0.wp.com\/cdnoticias.com\/wp-content\/uploads\/2022\/12\/Relaciones-con-la-Comunidad-Brindis-2022-2.jpg?resize=768%2C512&amp;ssl=1 768w, https:\/\/i0.wp.com\/cdnoticias.com\/wp-content\/uploads\/2022\/12\/Relaciones-con-la-Comunidad-Brindis-2022-2.jpg?resize=272%2C182&amp;ssl=1 272w\" sizes=\"auto, (max-width: 800px) 100vw, 800px\" \/><\/p>\n<p>&nbsp;<\/p>\n<p>Por \u00faltimo dese\u00f3 felicidades para todos y el encuentro concluy\u00f3 con un espect\u00e1culo de acrobacia en tela.<\/p>\n","protected":false},"excerpt":{"rendered":"<p>As\u00ed lo expres\u00f3 el intendente Ezequiel Galli en el tradicional brindis de fin de a\u00f1o.<\/p>\n","protected":false},"author":6,"featured_media":72730,"comment_status":"closed","ping_status":"closed","sticky":false,"template":"","format":"standard","meta":{"_jetpack_memberships_contains_paid_content":false,"footnotes":""},"categories":[5,1],"tags":[],"class_list":["post-72729","post","type-post","status-publish","format-standard","has-post-thumbnail","hentry","category-informacion-general","category-portada"],"jetpack_featured_media_url":"https:\/\/i0.wp.com\/cdnoticias.com\/wp-content\/uploads\/2022\/12\/Relaciones-con-la-Comunidad-Brindis-2022-1.jpg?fit=1500%2C1000&ssl=1","jetpack_sharing_enabled":true,"_links":{"self":[{"href":"https:\/\/cdnoticias.com\/index.php\/wp-json\/wp\/v2\/posts\/72729","targetHints":{"allow":["GET"]}}],"collection":[{"href":"https:\/\/cdnoticias.com\/index.php\/wp-json\/wp\/v2\/posts"}],"about":[{"href":"https:\/\/cdnoticias.com\/index.php\/wp-json\/wp\/v2\/types\/post"}],"author":[{"embeddable":true,"href":"https:\/\/cdnoticias.com\/index.php\/wp-json\/wp\/v2\/users\/6"}],"replies":[{"embeddable":true,"href":"https:\/\/cdnoticias.com\/index.php\/wp-json\/wp\/v2\/comments?post=72729"}],"version-history":[{"count":0,"href":"https:\/\/cdnoticias.com\/index.php\/wp-json\/wp\/v2\/posts\/72729\/revisions"}],"wp:featuredmedia":[{"embeddable":true,"href":"https:\/\/cdnoticias.com\/index.php\/wp-json\/wp\/v2\/media\/72730"}],"wp:attachment":[{"href":"https:\/\/cdnoticias.com\/index.php\/wp-json\/wp\/v2\/media?parent=72729"}],"wp:term":[{"taxonomy":"category","embeddable":true,"href":"https:\/\/cdnoticias.com\/index.php\/wp-json\/wp\/v2\/categories?post=72729"},{"taxonomy":"post_tag","embeddable":true,"href":"https:\/\/cdnoticias.com\/index.php\/wp-json\/wp\/v2\/tags?post=72729"}],"curies":[{"name":"wp","href":"https:\/\/api.w.org\/{rel}","templated":true}]}}