{"id":72697,"date":"2022-12-16T20:41:54","date_gmt":"2022-12-16T23:41:54","guid":{"rendered":"https:\/\/www.centraldenoticias.com.ar\/?p=72697"},"modified":"2022-12-17T09:04:21","modified_gmt":"2022-12-17T12:04:21","slug":"un-joven-herido-en-un-accidente-en-avenida-colon","status":"publish","type":"post","link":"https:\/\/cdnoticias.com\/index.php\/2022\/12\/16\/un-joven-herido-en-un-accidente-en-avenida-colon\/","title":{"rendered":"Un joven herido en un accidente en avenida Col\u00f3n"},"content":{"rendered":"<p>Fue en la tarde de este viernes. El motociclista fue atendido por una ambulancia del SAME en el lugar.<!--more--><\/p>\n<hr \/>\n<p>En la tarde de este viernes<strong>, un joven motociclista result\u00f3 con heridas tras chocar con un auto en avenida Col\u00f3n en su cruce con calle Vicente L\u00f3pez.<\/strong><\/p>\n<p>&nbsp;<\/p>\n<p>El hecho se produjo por causas que se investigan. <strong>Lo concreto es que el autom\u00f3vil, un Toyota Corolla conducido por una mujer impact\u00f3 contra la moto, una Daelim 50cc.<\/strong><\/p>\n<p>&nbsp;<\/p>\n<p><img data-recalc-dims=\"1\" loading=\"lazy\" decoding=\"async\" class=\"alignnone size-large wp-image-72698\" src=\"https:\/\/i0.wp.com\/cdnoticias.com\/wp-content\/uploads\/2022\/12\/choque.jpg?resize=800%2C445&#038;ssl=1\" alt=\"\" width=\"800\" height=\"445\" srcset=\"https:\/\/i0.wp.com\/cdnoticias.com\/wp-content\/uploads\/2022\/12\/choque.jpg?resize=1024%2C570&amp;ssl=1 1024w, https:\/\/i0.wp.com\/cdnoticias.com\/wp-content\/uploads\/2022\/12\/choque.jpg?resize=300%2C167&amp;ssl=1 300w, https:\/\/i0.wp.com\/cdnoticias.com\/wp-content\/uploads\/2022\/12\/choque.jpg?resize=768%2C427&amp;ssl=1 768w, https:\/\/i0.wp.com\/cdnoticias.com\/wp-content\/uploads\/2022\/12\/choque.jpg?resize=1536%2C854&amp;ssl=1 1536w, https:\/\/i0.wp.com\/cdnoticias.com\/wp-content\/uploads\/2022\/12\/choque.jpg?resize=800%2C445&amp;ssl=1 800w, https:\/\/i0.wp.com\/cdnoticias.com\/wp-content\/uploads\/2022\/12\/choque.jpg?w=1600&amp;ssl=1 1600w\" sizes=\"auto, (max-width: 800px) 100vw, 800px\" \/><\/p>\n<p>&nbsp;<\/p>\n<p><strong>Una ambulancia del SAME se hizo presente para atender al joven<\/strong>, que presentaba algunas heridas y recibi\u00f3 las curaciones pertinentes.<\/p>\n<p>&nbsp;<\/p>\n<p><strong>Personal de Comando de Patrullas trabaj\u00f3 en el lugar por varios minutos para reordenar el tr\u00e1nsito<\/strong>, que qued\u00f3 reducido tanto en la avenida en sus dos manos como desde Vicente L\u00f3pez en direcci\u00f3n al Hospital.<\/p>\n","protected":false},"excerpt":{"rendered":"<p>Fue en la tarde de este viernes. El motociclista fue atendido por una ambulancia del SAME en el lugar.<\/p>\n","protected":false},"author":2,"featured_media":72699,"comment_status":"closed","ping_status":"closed","sticky":false,"template":"","format":"standard","meta":{"_jetpack_memberships_contains_paid_content":false,"footnotes":""},"categories":[14,1],"tags":[],"class_list":["post-72697","post","type-post","status-publish","format-standard","has-post-thumbnail","hentry","category-policiales","category-portada"],"jetpack_featured_media_url":"https:\/\/i0.wp.com\/cdnoticias.com\/wp-content\/uploads\/2022\/12\/choque1.jpg?fit=1600%2C890&ssl=1","jetpack_sharing_enabled":true,"_links":{"self":[{"href":"https:\/\/cdnoticias.com\/index.php\/wp-json\/wp\/v2\/posts\/72697","targetHints":{"allow":["GET"]}}],"collection":[{"href":"https:\/\/cdnoticias.com\/index.php\/wp-json\/wp\/v2\/posts"}],"about":[{"href":"https:\/\/cdnoticias.com\/index.php\/wp-json\/wp\/v2\/types\/post"}],"author":[{"embeddable":true,"href":"https:\/\/cdnoticias.com\/index.php\/wp-json\/wp\/v2\/users\/2"}],"replies":[{"embeddable":true,"href":"https:\/\/cdnoticias.com\/index.php\/wp-json\/wp\/v2\/comments?post=72697"}],"version-history":[{"count":0,"href":"https:\/\/cdnoticias.com\/index.php\/wp-json\/wp\/v2\/posts\/72697\/revisions"}],"wp:featuredmedia":[{"embeddable":true,"href":"https:\/\/cdnoticias.com\/index.php\/wp-json\/wp\/v2\/media\/72699"}],"wp:attachment":[{"href":"https:\/\/cdnoticias.com\/index.php\/wp-json\/wp\/v2\/media?parent=72697"}],"wp:term":[{"taxonomy":"category","embeddable":true,"href":"https:\/\/cdnoticias.com\/index.php\/wp-json\/wp\/v2\/categories?post=72697"},{"taxonomy":"post_tag","embeddable":true,"href":"https:\/\/cdnoticias.com\/index.php\/wp-json\/wp\/v2\/tags?post=72697"}],"curies":[{"name":"wp","href":"https:\/\/api.w.org\/{rel}","templated":true}]}}