{"id":72689,"date":"2022-12-16T18:33:33","date_gmt":"2022-12-16T21:33:33","guid":{"rendered":"https:\/\/www.centraldenoticias.com.ar\/?p=72689"},"modified":"2022-12-16T18:33:33","modified_gmt":"2022-12-16T21:33:33","slug":"finalizo-el-ciclo-de-talleres-ludico-vivenciales-para-personas-mayores-en-la-unidad-n2-de-sierra-chica","status":"publish","type":"post","link":"https:\/\/cdnoticias.com\/index.php\/2022\/12\/16\/finalizo-el-ciclo-de-talleres-ludico-vivenciales-para-personas-mayores-en-la-unidad-n2-de-sierra-chica\/","title":{"rendered":"Finaliz\u00f3 el ciclo de talleres l\u00fadico vivenciales para personas mayores en la Unidad N\u00b02 de Sierra Chica"},"content":{"rendered":"<p>&#8220;El objetivo del encuentro fue promover sus derechos y generar h\u00e1bitos&#8221; se indic\u00f3. <!--more--><\/p>\n<hr \/>\n<p>D\u00edas pasados se realiz\u00f3 una jornada de <strong>cierre del ciclo de encuentros participativos sobre emociones, destinados a personas mayores en contexto de encierro<\/strong> en la Escuela Primaria N\u00b0701 con sede en la <strong>Unidad Penitenciaria N\u00b0 2. <\/strong><\/p>\n<p>&nbsp;<\/p>\n<p>Se llev\u00f3 a cabo en el marco de las actividades tratamentales para los privados de la libertad y <strong>estuvo a cargo del Programa de Promoci\u00f3n de Derechos para Personas con Discapacidad y Personas Mayores del Municipio de Olavarr\u00eda.<\/strong><\/p>\n<p>&nbsp;<\/p>\n<p><em><strong>&#8220;El objetivo del encuentro fue promover sus derechos y generar h\u00e1bitos, cambios que hagan a la mejor calidad de vida de la persona en cada contexto en particular&#8221;<\/strong> <\/em>se indic\u00f3.<\/p>\n<p>&nbsp;<\/p>\n<p>Participaron<strong> 19 privados de la libertad adultos mayores<\/strong> que concurren a la escuela primaria, la directora de la EEPA N\u00b0 701 Mariel Lasso, docentes y la referente del Programa, Lic. <strong>Romina Sponer<\/strong> junto a la Nutricionista Mar\u00eda Elisa Echaide y la Geront\u00f3loga Magali Sandoval.<\/p>\n<p>&nbsp;<\/p>\n<p><img data-recalc-dims=\"1\" loading=\"lazy\" decoding=\"async\" class=\"alignnone size-full wp-image-72691\" src=\"https:\/\/i0.wp.com\/cdnoticias.com\/wp-content\/uploads\/2022\/12\/U2-Finalizo-el-ciclo-de-talleres-ludico-vivenciales-para-personas-mayores-Diciembre-2022c.jpg?resize=800%2C600&#038;ssl=1\" alt=\"\" width=\"800\" height=\"600\" srcset=\"https:\/\/i0.wp.com\/cdnoticias.com\/wp-content\/uploads\/2022\/12\/U2-Finalizo-el-ciclo-de-talleres-ludico-vivenciales-para-personas-mayores-Diciembre-2022c.jpg?w=1600&amp;ssl=1 1600w, https:\/\/i0.wp.com\/cdnoticias.com\/wp-content\/uploads\/2022\/12\/U2-Finalizo-el-ciclo-de-talleres-ludico-vivenciales-para-personas-mayores-Diciembre-2022c.jpg?resize=300%2C225&amp;ssl=1 300w, https:\/\/i0.wp.com\/cdnoticias.com\/wp-content\/uploads\/2022\/12\/U2-Finalizo-el-ciclo-de-talleres-ludico-vivenciales-para-personas-mayores-Diciembre-2022c.jpg?resize=1024%2C768&amp;ssl=1 1024w, https:\/\/i0.wp.com\/cdnoticias.com\/wp-content\/uploads\/2022\/12\/U2-Finalizo-el-ciclo-de-talleres-ludico-vivenciales-para-personas-mayores-Diciembre-2022c.jpg?resize=768%2C576&amp;ssl=1 768w, https:\/\/i0.wp.com\/cdnoticias.com\/wp-content\/uploads\/2022\/12\/U2-Finalizo-el-ciclo-de-talleres-ludico-vivenciales-para-personas-mayores-Diciembre-2022c.jpg?resize=1536%2C1152&amp;ssl=1 1536w\" sizes=\"auto, (max-width: 800px) 100vw, 800px\" \/><\/p>\n<p>&nbsp;<\/p>\n<p>En el primer encuentro llevaron adelante una din\u00e1mica de presentaci\u00f3n para generar un acercamiento inicial y conocerse. Luego se llev\u00f3 a cabo la actividad que llamaron \u201cLa m\u00e1scara que habito\u201d, fundamentada en el arte terapia, la misma consisti\u00f3 en entregar dos m\u00e1scaras a cada participante para que pudiesen intervenirlas a partir de dibujos, palabras escritas o manifestaciones abstractas, para expresar gustos, deseos y anhelos, o diversas cuestiones que los movilicen.<\/p>\n<p>&nbsp;<\/p>\n<p>Sobre el segundo y \u00faltimo encuentro Romina Sponer expres\u00f3 que \u201chubo muy buena respuesta y pudimos hacer una parte de ejercicio corporal de movilizaci\u00f3n de las emociones y otro a trav\u00e9s de la t\u00e9cnica arte terapia para las fechas navide\u00f1as. Compartimos una merienda y la verdad que fue un momento muy agradable, productivo y movilizador. La t\u00e9cnica ayud\u00f3 a poder trabajar desde lo emocional\u201d.<\/p>\n<p>&nbsp;<\/p>\n<p>Se trabaj\u00f3 con todo tipo de material did\u00e1ctico, papeles, pinturas, temperas y acuarelas. El Programa de Promoci\u00f3n para Personas Mayores, aport\u00f3 material fotocopiado y roscas navide\u00f1as para armar, con la idea de que la escuela quede decorada por ellos mismos y que se vea reflejado el trabajo de este ciclo en la decoraci\u00f3n.<\/p>\n<p>&nbsp;<\/p>\n<p>\u201cHoy le dimos una impronta m\u00e1s alegre y general como respuesta a su demanda tambi\u00e9n. Dimos algo m\u00e1s divertido para que se animen a mover el cuerpo, que haya alegr\u00eda y esperanza. Se acoplaron, se animaron a bailar. Nosotros nos estamos despidiendo por este ciclo lectivo, la idea era hacer estos dos talleres de presentaci\u00f3n y planificar durante el verano para darle continuidad en el a\u00f1o pr\u00f3ximo\u201d destac\u00f3 Sponer.<\/p>\n<p>&nbsp;<\/p>\n<p><img data-recalc-dims=\"1\" loading=\"lazy\" decoding=\"async\" class=\"alignnone size-full wp-image-72690\" src=\"https:\/\/i0.wp.com\/cdnoticias.com\/wp-content\/uploads\/2022\/12\/U2-Finalizo-el-ciclo-de-talleres-ludico-vivenciales-para-personas-mayores-Diciembre-2022d.jpg?resize=800%2C600&#038;ssl=1\" alt=\"\" width=\"800\" height=\"600\" srcset=\"https:\/\/i0.wp.com\/cdnoticias.com\/wp-content\/uploads\/2022\/12\/U2-Finalizo-el-ciclo-de-talleres-ludico-vivenciales-para-personas-mayores-Diciembre-2022d.jpg?w=1600&amp;ssl=1 1600w, https:\/\/i0.wp.com\/cdnoticias.com\/wp-content\/uploads\/2022\/12\/U2-Finalizo-el-ciclo-de-talleres-ludico-vivenciales-para-personas-mayores-Diciembre-2022d.jpg?resize=300%2C225&amp;ssl=1 300w, https:\/\/i0.wp.com\/cdnoticias.com\/wp-content\/uploads\/2022\/12\/U2-Finalizo-el-ciclo-de-talleres-ludico-vivenciales-para-personas-mayores-Diciembre-2022d.jpg?resize=1024%2C768&amp;ssl=1 1024w, https:\/\/i0.wp.com\/cdnoticias.com\/wp-content\/uploads\/2022\/12\/U2-Finalizo-el-ciclo-de-talleres-ludico-vivenciales-para-personas-mayores-Diciembre-2022d.jpg?resize=768%2C576&amp;ssl=1 768w, https:\/\/i0.wp.com\/cdnoticias.com\/wp-content\/uploads\/2022\/12\/U2-Finalizo-el-ciclo-de-talleres-ludico-vivenciales-para-personas-mayores-Diciembre-2022d.jpg?resize=1536%2C1152&amp;ssl=1 1536w\" sizes=\"auto, (max-width: 800px) 100vw, 800px\" \/><\/p>\n<p>&nbsp;<\/p>\n<p>Por \u00faltimo, la referente del Programa agradeci\u00f3 a los participantes y a quienes lo hicieron posible.<em><strong> \u201cHan sido s\u00faper amables con nosotras, todo el personal nos recibi\u00f3 muy bien, yo ten\u00eda experiencias previas de trabajo en contexto de encierro, aunque \u00e9sta en particular es muy enriquecedora porque es m\u00e1s particularizada y me llevo eso muy en especial, de poder trabajar con la persona y su historia.<\/strong><\/em>\u201d concluy\u00f3.<\/p>\n","protected":false},"excerpt":{"rendered":"<p>&#8220;El objetivo del encuentro fue promover sus derechos y generar h\u00e1bitos&#8221; se indic\u00f3.<\/p>\n","protected":false},"author":6,"featured_media":72692,"comment_status":"closed","ping_status":"closed","sticky":false,"template":"","format":"standard","meta":{"_jetpack_memberships_contains_paid_content":false,"footnotes":""},"categories":[5,1],"tags":[],"class_list":["post-72689","post","type-post","status-publish","format-standard","has-post-thumbnail","hentry","category-informacion-general","category-portada"],"jetpack_featured_media_url":"https:\/\/i0.wp.com\/cdnoticias.com\/wp-content\/uploads\/2022\/12\/U2-Finalizo-el-ciclo-de-talleres-ludico-vivenciales-para-personas-mayores-Diciembre-2022a.jpg?fit=1024%2C768&ssl=1","jetpack_sharing_enabled":true,"_links":{"self":[{"href":"https:\/\/cdnoticias.com\/index.php\/wp-json\/wp\/v2\/posts\/72689","targetHints":{"allow":["GET"]}}],"collection":[{"href":"https:\/\/cdnoticias.com\/index.php\/wp-json\/wp\/v2\/posts"}],"about":[{"href":"https:\/\/cdnoticias.com\/index.php\/wp-json\/wp\/v2\/types\/post"}],"author":[{"embeddable":true,"href":"https:\/\/cdnoticias.com\/index.php\/wp-json\/wp\/v2\/users\/6"}],"replies":[{"embeddable":true,"href":"https:\/\/cdnoticias.com\/index.php\/wp-json\/wp\/v2\/comments?post=72689"}],"version-history":[{"count":0,"href":"https:\/\/cdnoticias.com\/index.php\/wp-json\/wp\/v2\/posts\/72689\/revisions"}],"wp:featuredmedia":[{"embeddable":true,"href":"https:\/\/cdnoticias.com\/index.php\/wp-json\/wp\/v2\/media\/72692"}],"wp:attachment":[{"href":"https:\/\/cdnoticias.com\/index.php\/wp-json\/wp\/v2\/media?parent=72689"}],"wp:term":[{"taxonomy":"category","embeddable":true,"href":"https:\/\/cdnoticias.com\/index.php\/wp-json\/wp\/v2\/categories?post=72689"},{"taxonomy":"post_tag","embeddable":true,"href":"https:\/\/cdnoticias.com\/index.php\/wp-json\/wp\/v2\/tags?post=72689"}],"curies":[{"name":"wp","href":"https:\/\/api.w.org\/{rel}","templated":true}]}}