{"id":72677,"date":"2022-12-16T19:01:41","date_gmt":"2022-12-16T22:01:41","guid":{"rendered":"https:\/\/www.centraldenoticias.com.ar\/?p=72677"},"modified":"2022-12-16T19:01:41","modified_gmt":"2022-12-16T22:01:41","slug":"nuevo-encuentro-federal-de-cara-al-ano-electoral-2023","status":"publish","type":"post","link":"https:\/\/cdnoticias.com\/index.php\/2022\/12\/16\/nuevo-encuentro-federal-de-cara-al-ano-electoral-2023\/","title":{"rendered":"Nuevo encuentro federal de cara al a\u00f1o electoral 2023"},"content":{"rendered":"<p>Bajo el lema \u201cJuntos vamos a transformar la Argentina\u201d, el jefe de Gobierno de la Ciudad de Buenos Aires, Horacio Rodr\u00edguez Larreta, y el diputado nacional por Buenos Aires, Diego Santilli, reunieron a dirigentes pol\u00edticos de la provincia de Buenos Aires y de todo el pa\u00eds.<!--more--><\/p>\n<hr \/>\n<p>Se realiz\u00f3 un <strong>nuevo encuentro federal de cara al a\u00f1o electoral 2023.<\/strong> La convocatoria fue este jueves en la <strong>Ciudad de Buenos Aires<\/strong> y reuni\u00f3 a referentes de todo el pa\u00eds entre senadores, diputados, intendentes, presidentes de partido y legisladores provinciales del PRO y de partidos aliados de 22 provincias. Sumado a colaboradores y militantes, <strong>el encuentro convoc\u00f3 en total a unas 5000 personas.<\/strong><\/p>\n<p>&nbsp;<\/p>\n<p>Estuvieron presentes por la <strong>Primera secci\u00f3n electoral:<\/strong> Diego Valenzuela (Intendente de Tres de febrero), Soledad Mart\u00ednez (Intendenta de Vicente L\u00f3pez), Sebasti\u00e1n Abella (Intendente de Campana), David Zencich (Merlo), An\u00edbal Asseff (Moreno), Andr\u00e9s Petrillo (San Mart\u00edn), Segundo Cernadas (Tigre); Ramiro Tagliaferro (Mor\u00f3n), Rosal\u00eda Fucello (San Isidro), Lucas Aparicio (Malvinas Argentinas), Sebasti\u00e1n Neuspiller (Pilar), Max Perkins (San Miguel), Ezequiel Pazos Verni (Jos\u00e9 C. Paz) Mariano Castagnaro (Escobar), Lucas Delfino (Hurlingham), Gast\u00f3n Di Castelnuovo (Ituzaing\u00f3), Agustina Ciarletta (San Fernando), H\u00e9ctor Griffini (Luj\u00e1n), Dario Kubar (General Rodr\u00edguez), Noelia Ruiz (Mercedes) y Pablo Valerga (Gral. Las Heras).<\/p>\n<p>&nbsp;<\/p>\n<p>Por la <strong>Segunda secci\u00f3n electoral<\/strong> estuvieron: Javier Mart\u00ednez (intendente de Pergamino), Gustavo Perie (Intendente de Ramallo), Santiago Passaglia (San Nicol\u00e1s) y Francisco Ratto (Intendente de San Antonio de Areco). Por la Tercera, estuvieron: Toty Flores (La Matanza), Hern\u00e1n Berisso (La Matanza), Lalo Creus (La Matanza), Guillermo Vi\u00f1uales (Lomas de Zamora); Martiniano Molina (Quilmes), Agustina Serrano (Almirante Brown), Pablo Alaniz (Florencio Varela), Maximiliano Gallucci (Avellaneda), Julian Amendolaggine (Berazategui), Evert Van Tooren (Esteban Echeverr\u00eda), Pablo Swar (Berisso), Mauro Arranz (Pte. Per\u00f3n), Pola Tomazin (Alejandro Korn); Santiago Mc Goey (Ca\u00f1uelas), Martin Fontana (Magdalena), Juan D\u00b4Amico (Punta Indio), Jorge Espinosa (Brandsen). Por la Cuarta: Pablo Petrecca (Jun\u00edn), Mariano Barroso (9 de Julio). Por la Sexta: Hector Gay (Bah\u00eda Blanca), Mariano Uset (Coronel Rosales). Por la S\u00e9ptima, Ezequiel Galli (Olavarr\u00eda) y por la Octava Julio Garro (La Plata).<\/p>\n<p>&nbsp;<\/p>\n<p><em><strong>\u201cEn 2021 ganamos en todo el pa\u00eds gracias al laburo de cada uno de ustedes, que no aflojaron nunca, que pusieron la cara en los territorios m\u00e1s dif\u00edciles, contra las agresiones, las amenazas y los aprietes\u201d <\/strong><\/em>afirm\u00f3<strong> Rodr\u00edguez Larreta,<\/strong> frente a los 5000 presentes en el predio de Costa Salguero.<\/p>\n<p>&nbsp;<\/p>\n<p><img data-recalc-dims=\"1\" loading=\"lazy\" decoding=\"async\" class=\"aligncenter wp-image-72680 size-full\" src=\"https:\/\/i0.wp.com\/cdnoticias.com\/wp-content\/uploads\/2022\/12\/WhatsApp-Image-2022-12-15-at-20.27.10-1.jpeg?resize=800%2C532&#038;ssl=1\" alt=\"\" width=\"800\" height=\"532\" srcset=\"https:\/\/i0.wp.com\/cdnoticias.com\/wp-content\/uploads\/2022\/12\/WhatsApp-Image-2022-12-15-at-20.27.10-1.jpeg?w=1280&amp;ssl=1 1280w, https:\/\/i0.wp.com\/cdnoticias.com\/wp-content\/uploads\/2022\/12\/WhatsApp-Image-2022-12-15-at-20.27.10-1.jpeg?resize=300%2C199&amp;ssl=1 300w, https:\/\/i0.wp.com\/cdnoticias.com\/wp-content\/uploads\/2022\/12\/WhatsApp-Image-2022-12-15-at-20.27.10-1.jpeg?resize=1024%2C681&amp;ssl=1 1024w, https:\/\/i0.wp.com\/cdnoticias.com\/wp-content\/uploads\/2022\/12\/WhatsApp-Image-2022-12-15-at-20.27.10-1.jpeg?resize=768%2C511&amp;ssl=1 768w, https:\/\/i0.wp.com\/cdnoticias.com\/wp-content\/uploads\/2022\/12\/WhatsApp-Image-2022-12-15-at-20.27.10-1.jpeg?resize=272%2C182&amp;ssl=1 272w\" sizes=\"auto, (max-width: 800px) 100vw, 800px\" \/><\/p>\n<p>&nbsp;<\/p>\n<p><em><strong>\u201cLos gobernadores est\u00e1n nerviosos, buscando todas las trampas posibles para no perder. Por eso desdoblan, sacan las PASO, ponen ley de lemas, tienen acoples y qu\u00e9 s\u00e9 yo cu\u00e1ntas cosas m\u00e1s. Est\u00e1n nerviosos y tienen raz\u00f3n. Saben que vamos a ganar aunque nos cambien las reglas de juego, aunque hagan trampa y nos inclinen la cancha\u201d<\/strong> <\/em>agreg\u00f3 Larreta.<\/p>\n<p>&nbsp;<\/p>\n<p>Adem\u00e1s, Larreta expres\u00f3: \u201cVoy a terminar el a\u00f1o habiendo<strong> recorrido todas las provincias argentinas para escuchar y aprender de lo que pasa<\/strong> y se necesita en cada lugar. Y el a\u00f1o que viene voy a hacer lo mismo. <strong>Voy a poner el cuerpo, el esfuerzo y el apoyo necesario<\/strong> en cada elecci\u00f3n provincial para ganar en cada una de las provincias y que desde ah\u00ed podamos apuntalar la transformaci\u00f3n del pa\u00eds.\u201d<\/p>\n<p>&nbsp;<\/p>\n<p>\u201cHay que ganar, para llegar al poder, pero para poder hacer las cosas, generar trabajo, cambiar. Argentina necesita un cambio profundo, no maquillaje. Un cambio r\u00e1pido e integral, porque no existen las medidas m\u00e1gicas. Un cambio que dure de una vez por todas, que se mantenga en el tiempo. Para eso necesitamos un consenso m\u00e1s amplio.<strong> Hay que tener m\u00e1s huevos para dialogar con el que piensa diferente que para sentarse del otro lado de la tribuna a agredir<\/strong>. <strong>Basta de la grieta que nos conden\u00f3 al fracaso, hay que hacer algo diferente&#8221;<\/strong> remarc\u00f3 Larreta.<\/p>\n<p>&nbsp;<\/p>\n<p>Entre los participantes tambi\u00e9n estuvieron: Omar De Marchi, diputado nacional por la Mendoza; Rogelio Frigerio, diputado nacional por Entre R\u00edos; Luis Juez, senador nacional por C\u00f3rdoba; Germ\u00e1n Alfaro, intendente de San Miguel de Tucum\u00e1n; Nacho Torres, senador nacional por Chubut; Claudio Poggi, diputado nacional por San Luis; Mart\u00edn Maquieyra, diputado nacional por La Pampa; Felipe \u00c1lvarez, diputado nacional por La Rioja; Marcelo Orrego, diputado nacional por San Juan; Gabriela Neme, diputada provincial de Formosa; Alfredo Schiavoni y Mart\u00edn Arjol, diputados nacionales por Misiones; An\u00edbal Tortoriello, diputado nacional por R\u00edo Negro; Leticia Esteves, diputada provincial, y Marcelo Berm\u00fadez, presidente del PRO provincial, por Neuqu\u00e9n; Gabriel Chumpitaz, diputado nacional por Santa Fe; Rub\u00e9n Manzi, diputado nacional, Enrique Cesarini, diputado provincial, y Carlos Molina, presidente del PRO provincial, por Catamarca; Jos\u00e9 Mar\u00eda Carambia, intendente del municipio de Las Heras de Santa Cruz; Flavio Serra, presidente del PRO de Corrientes; Lucas Figueras, referente del PRO provincial, y Maril\u00fa Quiroz, diputada nacional, por Chaco; Facundo P\u00e9rez Carletti, concejal, por Santiago del Estero; y Jorge Hiruela, presidente de la Fundaci\u00f3n Pensar de Jujuy. Por la Ciudad de Buenos Aires estuvieron Soledad Acu\u00f1a, Emmanuel Ferrario, Jorge Macri y Fern\u00e1n Quir\u00f3s.<\/p>\n<p>&nbsp;<\/p>\n<p>El \u00faltimo encuentro federal convocado por Rodr\u00edguez Larreta hab\u00eda sido el 15 de septiembre. En esa ocasi\u00f3n la agenda estuvo enfocada en la <strong>situaci\u00f3n econ\u00f3mica del pa\u00eds y en el armado de un plan para generar trabajo, aumentar la producci\u00f3n y expandir la capacidad exportadora de la Argentina;<\/strong> cont\u00f3 con la participaci\u00f3n del ex ministro de la Naci\u00f3n, Hern\u00e1n Lacunza. Tambi\u00e9n hubo encuentros en provincia de Buenos Aires, liderados por Diego Santilli, con el mismo objetivo de desarrollar planes de gobierno para las diferentes localidades bonaerenses.<\/p>\n<p>&nbsp;<\/p>\n<p>Rodr\u00edguez Larreta estuvo este a\u00f1o en 11 ciudades del interior de la Provincia de Buenos Aires y en otras 30 ciudades de 20 provincias del pa\u00eds; adem\u00e1s recorri\u00f3 25 distritos del conurbano bonaerense. A lo largo del a\u00f1o se reuni\u00f3 con dirigentes, productores, comerciantes, vecinos, empresarios de grandes y peque\u00f1as y medianas empresas, emprendedores, l\u00edderes religiosos, referentes sociales, j\u00f3venes, padres organizados; visit\u00f3 ferias, centros urbanos, f\u00e1bricas, campos, centros de apoyo y comunitarios; todo con el objetivo de escuchar y conocer las distintas realidades a lo largo y ancho del territorio argentino. Durante enero de 2023, Larreta estar\u00e1 recorriendo la costa bonaerense y tiene previsto viajar a San Luis, La Pampa, C\u00f3rdoba, Misiones y Corrientes.<\/p>\n<p>&nbsp;<\/p>\n<p><em><strong>\u201cSeamos parte de la generaci\u00f3n del 23 que va a sacar la Argentina adelante, de esa generaci\u00f3n que siente las bases para que Argentina crezca durante 30 a\u00f1os que cambie nuestro pa\u00eds para siempre<\/strong><\/em>\u201d cerr\u00f3 el mandatario.<\/p>\n","protected":false},"excerpt":{"rendered":"<p>Bajo el lema \u201cJuntos vamos a transformar la Argentina\u201d, el jefe de Gobierno de la Ciudad de Buenos Aires, Horacio<\/p>\n","protected":false},"author":6,"featured_media":72681,"comment_status":"closed","ping_status":"closed","sticky":false,"template":"","format":"standard","meta":{"_jetpack_memberships_contains_paid_content":false,"footnotes":""},"categories":[4],"tags":[],"class_list":["post-72677","post","type-post","status-publish","format-standard","has-post-thumbnail","hentry","category-politica"],"jetpack_featured_media_url":"https:\/\/i0.wp.com\/cdnoticias.com\/wp-content\/uploads\/2022\/12\/WhatsApp-Image-2022-12-15-at-20.27.10.jpeg?fit=1280%2C903&ssl=1","jetpack_sharing_enabled":true,"_links":{"self":[{"href":"https:\/\/cdnoticias.com\/index.php\/wp-json\/wp\/v2\/posts\/72677","targetHints":{"allow":["GET"]}}],"collection":[{"href":"https:\/\/cdnoticias.com\/index.php\/wp-json\/wp\/v2\/posts"}],"about":[{"href":"https:\/\/cdnoticias.com\/index.php\/wp-json\/wp\/v2\/types\/post"}],"author":[{"embeddable":true,"href":"https:\/\/cdnoticias.com\/index.php\/wp-json\/wp\/v2\/users\/6"}],"replies":[{"embeddable":true,"href":"https:\/\/cdnoticias.com\/index.php\/wp-json\/wp\/v2\/comments?post=72677"}],"version-history":[{"count":0,"href":"https:\/\/cdnoticias.com\/index.php\/wp-json\/wp\/v2\/posts\/72677\/revisions"}],"wp:featuredmedia":[{"embeddable":true,"href":"https:\/\/cdnoticias.com\/index.php\/wp-json\/wp\/v2\/media\/72681"}],"wp:attachment":[{"href":"https:\/\/cdnoticias.com\/index.php\/wp-json\/wp\/v2\/media?parent=72677"}],"wp:term":[{"taxonomy":"category","embeddable":true,"href":"https:\/\/cdnoticias.com\/index.php\/wp-json\/wp\/v2\/categories?post=72677"},{"taxonomy":"post_tag","embeddable":true,"href":"https:\/\/cdnoticias.com\/index.php\/wp-json\/wp\/v2\/tags?post=72677"}],"curies":[{"name":"wp","href":"https:\/\/api.w.org\/{rel}","templated":true}]}}