{"id":72657,"date":"2022-12-16T17:30:04","date_gmt":"2022-12-16T20:30:04","guid":{"rendered":"https:\/\/www.centraldenoticias.com.ar\/?p=72657"},"modified":"2022-12-16T17:30:04","modified_gmt":"2022-12-16T20:30:04","slug":"jornada-solidaria-en-la-plaza-del-barrio-lourdes","status":"publish","type":"post","link":"https:\/\/cdnoticias.com\/index.php\/2022\/12\/16\/jornada-solidaria-en-la-plaza-del-barrio-lourdes\/","title":{"rendered":"Jornada Solidaria en la Plaza del barrio Lourdes"},"content":{"rendered":"<p>La Casa de Miriam, Generaci\u00f3n Bicentenario y la Mesa de Gesti\u00f3n Territorial montaron un \u00e1rbol navide\u00f1o en la plaza.<!--more--><\/p>\n<hr \/>\n<p>Este mi\u00e9rcoles<strong> La Casa de Miriam en conjunto con la agrupaci\u00f3n pol\u00edtica Generaci\u00f3n Bicentenario Olavarr\u00eda (GB) y la Mesa de Gesti\u00f3n Territorial<\/strong>, realizaron una jornada en la cual montaron <strong>un \u00e1rbol navide\u00f1o en la plaza y canchita del barrio Lourdes.<\/strong><\/p>\n<p>&nbsp;<\/p>\n<p>Se destac\u00f3 que el \u00e1rbol navide\u00f1o fue<strong> \u201crealizado con materiales pl\u00e1sticos reciclables\u201d<\/strong>, y que adem\u00e1s se reacondicionaron y pintaron los juegos.<\/p>\n<p>&nbsp;<\/p>\n<p>El cierre de la actividad fue con<strong> una merienda compartida con los ni\u00f1os del barrio<\/strong> quienes asisten a diversas actividades como f\u00fatbol, deportes, colonia de vacaciones y merendero entre otros.<\/p>\n<p>&nbsp;<\/p>\n<p><img data-recalc-dims=\"1\" loading=\"lazy\" decoding=\"async\" class=\"size-large wp-image-72659 aligncenter\" src=\"https:\/\/i0.wp.com\/cdnoticias.com\/wp-content\/uploads\/2022\/12\/generacion-bicentenario-barrio-lourdes-01.jpg?resize=800%2C445&#038;ssl=1\" alt=\"\" width=\"800\" height=\"445\" srcset=\"https:\/\/i0.wp.com\/cdnoticias.com\/wp-content\/uploads\/2022\/12\/generacion-bicentenario-barrio-lourdes-01.jpg?resize=1024%2C570&amp;ssl=1 1024w, https:\/\/i0.wp.com\/cdnoticias.com\/wp-content\/uploads\/2022\/12\/generacion-bicentenario-barrio-lourdes-01.jpg?resize=300%2C167&amp;ssl=1 300w, https:\/\/i0.wp.com\/cdnoticias.com\/wp-content\/uploads\/2022\/12\/generacion-bicentenario-barrio-lourdes-01.jpg?resize=768%2C427&amp;ssl=1 768w, https:\/\/i0.wp.com\/cdnoticias.com\/wp-content\/uploads\/2022\/12\/generacion-bicentenario-barrio-lourdes-01.jpg?resize=800%2C445&amp;ssl=1 800w, https:\/\/i0.wp.com\/cdnoticias.com\/wp-content\/uploads\/2022\/12\/generacion-bicentenario-barrio-lourdes-01.jpg?w=1068&amp;ssl=1 1068w\" sizes=\"auto, (max-width: 800px) 100vw, 800px\" \/><\/p>\n<p>&nbsp;<\/p>\n<blockquote><p>Miriam Ayalef, reconocida activista barrial y presidenta de la Asociaci\u00f3n Civil Evoluci\u00f3n expres\u00f3: \u201cestas actividades son muy importantes porque nos permiten unirnos por una causa, ac\u00e1 no hay pol\u00edtica partidaria, todos estamos juntos para ayudar y que los ni\u00f1os disfruten, ense\u00f1ando valores e incentiv\u00e1ndolos al compromiso y el trabajo. Tenemos hace a\u00f1os el proyecto de obra de un play\u00f3n y espacio recreativo para poder hacer m\u00e1s y mejores actividades. Los ni\u00f1os votaron porque este lugar se denomine \u201cEl Rinc\u00f3n de Lourdes\u201d. Esperamos poder cumplirles este sue\u00f1o\u201d.<\/p><\/blockquote>\n<p>&nbsp;<\/p>\n<p><strong>Alan Aguirre, referente de GB Olavarr\u00eda<\/strong> indic\u00f3 que \u201ceste tipo de actividades solidarias est\u00e1n enmarcadas en la agenda que nos propusimos cuando lanzamos la Agrupaci\u00f3n. <strong>Para nosotros es fundamental estar cerca de la gente y compartir, ya que te permite tener m\u00e1s conciencia de las realidades que se viven en nuestra ciudad,<\/strong> ser fieles a nuestros valores y lo que sentimos como militantes del peronismo verdadero, con la Justicia Social y la Ayuda Social damos al pueblo un abrazo de Justicia y Amor\u201d.<\/p>\n<p>&nbsp;<\/p>\n<p><img data-recalc-dims=\"1\" loading=\"lazy\" decoding=\"async\" class=\"size-full wp-image-72660 aligncenter\" src=\"https:\/\/i0.wp.com\/cdnoticias.com\/wp-content\/uploads\/2022\/12\/generacion-bicentenario-barrio-lourdes-02.jpg?resize=800%2C445&#038;ssl=1\" alt=\"\" width=\"800\" height=\"445\" srcset=\"https:\/\/i0.wp.com\/cdnoticias.com\/wp-content\/uploads\/2022\/12\/generacion-bicentenario-barrio-lourdes-02.jpg?w=800&amp;ssl=1 800w, https:\/\/i0.wp.com\/cdnoticias.com\/wp-content\/uploads\/2022\/12\/generacion-bicentenario-barrio-lourdes-02.jpg?resize=300%2C167&amp;ssl=1 300w, https:\/\/i0.wp.com\/cdnoticias.com\/wp-content\/uploads\/2022\/12\/generacion-bicentenario-barrio-lourdes-02.jpg?resize=768%2C427&amp;ssl=1 768w\" sizes=\"auto, (max-width: 800px) 100vw, 800px\" \/><\/p>\n<p>&nbsp;<\/p>\n<p>\u201cSeguiremos expandiendo y mejorando nuestras propuestas con el objetivo de poder lograr una mejor ciudad para todos\u201d agreg\u00f3.<\/p>\n<p>&nbsp;<\/p>\n<p>Al finalizar la jornada se entregaron donaciones para el merendero. La Casa de Miriam y GB Olavarr\u00eda agradecieron a quienes colaboraron con la pintura, merienda, mercader\u00eda como as\u00ed tambi\u00e9n a Bomberos quienes asistieron para el montaje del \u00c1rbol de Navidad.<\/p>\n<p>&nbsp;<\/p>\n","protected":false},"excerpt":{"rendered":"<p>La Casa de Miriam, Generaci\u00f3n Bicentenario y la Mesa de Gesti\u00f3n Territorial montaron un \u00e1rbol navide\u00f1o en la plaza.<\/p>\n","protected":false},"author":4,"featured_media":72658,"comment_status":"closed","ping_status":"closed","sticky":false,"template":"","format":"standard","meta":{"_jetpack_memberships_contains_paid_content":false,"footnotes":""},"categories":[4,1],"tags":[],"class_list":["post-72657","post","type-post","status-publish","format-standard","has-post-thumbnail","hentry","category-politica","category-portada"],"jetpack_featured_media_url":"https:\/\/i0.wp.com\/cdnoticias.com\/wp-content\/uploads\/2022\/12\/generacion-bicentenario-barrio-lourdes-00.jpg?fit=800%2C445&ssl=1","jetpack_sharing_enabled":true,"_links":{"self":[{"href":"https:\/\/cdnoticias.com\/index.php\/wp-json\/wp\/v2\/posts\/72657","targetHints":{"allow":["GET"]}}],"collection":[{"href":"https:\/\/cdnoticias.com\/index.php\/wp-json\/wp\/v2\/posts"}],"about":[{"href":"https:\/\/cdnoticias.com\/index.php\/wp-json\/wp\/v2\/types\/post"}],"author":[{"embeddable":true,"href":"https:\/\/cdnoticias.com\/index.php\/wp-json\/wp\/v2\/users\/4"}],"replies":[{"embeddable":true,"href":"https:\/\/cdnoticias.com\/index.php\/wp-json\/wp\/v2\/comments?post=72657"}],"version-history":[{"count":0,"href":"https:\/\/cdnoticias.com\/index.php\/wp-json\/wp\/v2\/posts\/72657\/revisions"}],"wp:featuredmedia":[{"embeddable":true,"href":"https:\/\/cdnoticias.com\/index.php\/wp-json\/wp\/v2\/media\/72658"}],"wp:attachment":[{"href":"https:\/\/cdnoticias.com\/index.php\/wp-json\/wp\/v2\/media?parent=72657"}],"wp:term":[{"taxonomy":"category","embeddable":true,"href":"https:\/\/cdnoticias.com\/index.php\/wp-json\/wp\/v2\/categories?post=72657"},{"taxonomy":"post_tag","embeddable":true,"href":"https:\/\/cdnoticias.com\/index.php\/wp-json\/wp\/v2\/tags?post=72657"}],"curies":[{"name":"wp","href":"https:\/\/api.w.org\/{rel}","templated":true}]}}