{"id":72649,"date":"2022-12-20T19:14:00","date_gmt":"2022-12-20T22:14:00","guid":{"rendered":"https:\/\/www.centraldenoticias.com.ar\/?p=72649"},"modified":"2022-12-20T19:14:00","modified_gmt":"2022-12-20T22:14:00","slug":"casi-19-millones-de-pesos-para-mejoras-en-el-exterior-de-la-casa-del-bicentenario","status":"publish","type":"post","link":"https:\/\/cdnoticias.com\/index.php\/2022\/12\/20\/casi-19-millones-de-pesos-para-mejoras-en-el-exterior-de-la-casa-del-bicentenario\/","title":{"rendered":"Casi 19 millones de pesos para mejoras en el exterior de la Casa del Bicentenario"},"content":{"rendered":"<p>Es la licitaci\u00f3n p\u00fablica que lanz\u00f3 el Municipio. Durante 2022 se llevaron a cabo diversos trabajos de mantenimientos del hist\u00f3rico edificio.<!--more--><\/p>\n<hr \/>\n<p>La Municipalidad lanz\u00f3 la <strong>licitaci\u00f3n p\u00fablica N\u00ba 61 para llevar adelante mejoras en el exterior de la Casa del Bicentenario<\/strong> con una inversi\u00f3n prevista cercana a los 19 millones de pesos.<\/p>\n<p>&nbsp;<\/p>\n<blockquote><p>\u201cPintura exterior y construcci\u00f3n de veredas en la Casa del Bicentenario\u201d es el objeto del concurso y el presupuesto oficial se fij\u00f3 en $18.890.000.<\/p><\/blockquote>\n<p>&nbsp;<\/p>\n<p>Los pliegos ya est\u00e1n a la venta.<strong> La apertura de sobres se har\u00e1 el 3 de enero<\/strong> a las 10 en el Palacio San Mart\u00edn.<\/p>\n<p>&nbsp;<\/p>\n<p><span style=\"text-decoration: underline;\"><strong>Mantenimiento y renovaci\u00f3n<\/strong><\/span><\/p>\n<p>&nbsp;<\/p>\n<p><a href=\"https:\/\/cdnoticias.com\/index.php\/2022\/06\/02\/con-un-presupuesto-de-3-024-000-refaccionaran-la-casa-del-bicentenario\/\" target=\"_blank\" rel=\"noopener\">Desde mediados de este a\u00f1o se llevaron adelante diversos trabajos<\/a> de mantenimiento en la Casa del Bicentenario. A principios de noviembre, <strong>el intendente Ezequiel Galli, junto al titular de Obras P\u00fablicas, Julio Ferraro, recorrieron las instalaciones<\/strong>.<\/p>\n<p>&nbsp;<\/p>\n<p><img data-recalc-dims=\"1\" loading=\"lazy\" decoding=\"async\" class=\"size-full wp-image-72650 aligncenter\" src=\"https:\/\/i0.wp.com\/cdnoticias.com\/wp-content\/uploads\/2022\/12\/obras-casa-del-bicentenario-galli-1.jpg?resize=800%2C445&#038;ssl=1\" alt=\"\" width=\"800\" height=\"445\" srcset=\"https:\/\/i0.wp.com\/cdnoticias.com\/wp-content\/uploads\/2022\/12\/obras-casa-del-bicentenario-galli-1.jpg?w=800&amp;ssl=1 800w, https:\/\/i0.wp.com\/cdnoticias.com\/wp-content\/uploads\/2022\/12\/obras-casa-del-bicentenario-galli-1.jpg?resize=300%2C167&amp;ssl=1 300w, https:\/\/i0.wp.com\/cdnoticias.com\/wp-content\/uploads\/2022\/12\/obras-casa-del-bicentenario-galli-1.jpg?resize=768%2C427&amp;ssl=1 768w\" sizes=\"auto, (max-width: 800px) 100vw, 800px\" \/><\/p>\n<p>&nbsp;<\/p>\n<p>En ese marco, se indic\u00f3 que <strong>se desarrollaba \u201cun importante paquete de obras\u201d<\/strong> con una inversi\u00f3n prevista de <strong>alrededor de cinco millones de pesos.<\/strong><\/p>\n<p>&nbsp;<\/p>\n<p>Comprendieron <strong>arreglos en terrazas y losas, ba\u00f1os, cielorrasos, revoques,<\/strong> como as\u00ed tambi\u00e9n la revisi\u00f3n de las instalaciones de agua, electricidad y del sistema de calefacci\u00f3n.<\/p>\n<p>&nbsp;<\/p>\n<p>\u201cEn toda la superficie de la terraza, losas, cargas y desag\u00fces pluviales y cloacales, <strong>se solucionaron las imperfecciones que ocasionan p\u00e9rdidas de agua para resolver el tema de filtraciones<\/strong>. En este sentido, se repararon los desag\u00fces y se coloc\u00f3 membrana nueva en las losas y cargas\u201d se detall\u00f3.<\/p>\n<p>&nbsp;<\/p>\n<p>Por otro lado, \u201c<strong>en ba\u00f1os<\/strong>, se repar\u00f3 el desag\u00fce de la pileta del ba\u00f1o para personas con discapacidad para su correcto funcionamiento, como as\u00ed tambi\u00e9n piletas e inodoros de dormitorios, mingitorios y todos los artefactos, rotos, sueltos y con p\u00e9rdidas de y\/o sin abastecimiento de agua\u201d. Tambi\u00e9n se realiz\u00f3 la inspecci\u00f3n del recorrido de abastecimiento de agua fr\u00eda hacia los ba\u00f1os del sector p\u00fablico para dejar en funcionamiento los ba\u00f1os y bacha del taller.<\/p>\n<p>&nbsp;<\/p>\n<p>Otro punto destacado en las labores llevadas adelante fue \u201c<strong>mejoramiento en todos los cielorrasos deteriorados<\/strong> por filtraciones, pintura y limpieza. Tambi\u00e9n se demolieron los revoques en mal estado por filtraciones o deterioros\u201d.<\/p>\n<p>&nbsp;<\/p>\n<p><img data-recalc-dims=\"1\" loading=\"lazy\" decoding=\"async\" class=\"size-large wp-image-26687 aligncenter\" src=\"https:\/\/i0.wp.com\/cdnoticias.com\/wp-content\/uploads\/2021\/07\/Casa-Bicentenario-1024x683-1024x683.jpg?resize=800%2C534&#038;ssl=1\" alt=\"\" width=\"800\" height=\"534\" srcset=\"https:\/\/i0.wp.com\/cdnoticias.com\/wp-content\/uploads\/2021\/07\/Casa-Bicentenario-1024x683.jpg?resize=1024%2C683&amp;ssl=1 1024w, https:\/\/i0.wp.com\/cdnoticias.com\/wp-content\/uploads\/2021\/07\/Casa-Bicentenario-1024x683.jpg?resize=300%2C200&amp;ssl=1 300w, https:\/\/i0.wp.com\/cdnoticias.com\/wp-content\/uploads\/2021\/07\/Casa-Bicentenario-1024x683.jpg?resize=768%2C512&amp;ssl=1 768w, https:\/\/i0.wp.com\/cdnoticias.com\/wp-content\/uploads\/2021\/07\/Casa-Bicentenario-1024x683.jpg?resize=272%2C182&amp;ssl=1 272w\" sizes=\"auto, (max-width: 800px) 100vw, 800px\" \/><\/p>\n<p>&nbsp;<\/p>\n<p>Luego se mencionaron inspecci\u00f3n, conexi\u00f3n y reparaci\u00f3n de la <strong>bomba centr\u00edfuga<\/strong> colocada en el muro exterior, del<strong> equipo de calefacci\u00f3n<\/strong>, puertas del sector camarines, instalaci\u00f3n el\u00e9ctrica. Por \u00faltimo, se mencionaron las<strong> tareas de pintura de cielorrasos y paredes de hall de acceso, ba\u00f1os p\u00fablicos y sector de escalera.<\/strong><\/p>\n<p>&nbsp;<\/p>\n<p>La inversi\u00f3n para ejecutar de estos trabajos fue de<strong> $3.024.000. Vigas y Bloques S.R.L fue la empresa a cargo.<\/strong><\/p>\n<p>&nbsp;<\/p>\n<p><span style=\"text-decoration: underline;\"><strong>A trav\u00e9s del tiempo<\/strong><\/span><\/p>\n<p>&nbsp;<\/p>\n<p>La edificaci\u00f3n ubicada en la margen derecha del Arroyo Tapalqu\u00e9 y construida en la d\u00e9cada de 1950, consisti\u00f3 primeramente en un edificio principal que alberg\u00f3 los servicios del Balneario Municipal, con buffet, vestuarios, cocina, sanitarios, terrazas, con excelentes vistas. Una serie de senderos, escalinatas, plataformas y sectores verdes conforman el conjunto urbano m\u00e1s completo que se haya realizado sobre la margen del arroyo.<\/p>\n<p>&nbsp;<\/p>\n<p>En el a\u00f1o 2008, se decidi\u00f3 llamar a todo el sector \u201cParque del Bicentenario\u201d incluyendo una serie de obras de puesta en valor, mejoras en los recorridos y equipamiento, que fueron inauguradas en noviembre del 2010.<\/p>\n<p>&nbsp;<\/p>\n<p><img data-recalc-dims=\"1\" loading=\"lazy\" decoding=\"async\" class=\"size-full wp-image-50363 aligncenter\" src=\"https:\/\/i0.wp.com\/cdnoticias.com\/wp-content\/uploads\/2022\/03\/Casa-del-Bicentenario-Drone.jpg?resize=800%2C445&#038;ssl=1\" alt=\"\" width=\"800\" height=\"445\" srcset=\"https:\/\/i0.wp.com\/cdnoticias.com\/wp-content\/uploads\/2022\/03\/Casa-del-Bicentenario-Drone.jpg?w=800&amp;ssl=1 800w, https:\/\/i0.wp.com\/cdnoticias.com\/wp-content\/uploads\/2022\/03\/Casa-del-Bicentenario-Drone.jpg?resize=300%2C167&amp;ssl=1 300w, https:\/\/i0.wp.com\/cdnoticias.com\/wp-content\/uploads\/2022\/03\/Casa-del-Bicentenario-Drone.jpg?resize=768%2C427&amp;ssl=1 768w\" sizes=\"auto, (max-width: 800px) 100vw, 800px\" \/><\/p>\n<p>&nbsp;<\/p>\n<p>A trav\u00e9s del proyecto \u201cCasa de la Historia y la Cultura del Bicentenario\u201d se recuper\u00f3 el edificio para actividades culturales con una sala (auditorio) en el hall central, cine-teatro para 120 personas, camarines, aula-taller, sanitarios, y oficina administrativa.<\/p>\n<p>&nbsp;<\/p>\n<p>La renovada Casa del Bicentenario se inaugur\u00f3 finalmente en el mes de junio de 2010 con una serie de reformas principalmente en el interior del edificio, teniendo en cuenta que se mantuvo la fachada y las carpinter\u00edas exteriores originales.<\/p>\n<p>&nbsp;<\/p>\n","protected":false},"excerpt":{"rendered":"<p>Es la licitaci\u00f3n p\u00fablica que lanz\u00f3 el Municipio. Durante 2022 se llevaron a cabo diversos trabajos de mantenimientos del hist\u00f3rico<\/p>\n","protected":false},"author":4,"featured_media":50361,"comment_status":"closed","ping_status":"closed","sticky":false,"template":"","format":"standard","meta":{"_jetpack_memberships_contains_paid_content":false,"footnotes":""},"categories":[5,1],"tags":[],"class_list":["post-72649","post","type-post","status-publish","format-standard","has-post-thumbnail","hentry","category-informacion-general","category-portada"],"jetpack_featured_media_url":"https:\/\/i0.wp.com\/cdnoticias.com\/wp-content\/uploads\/2022\/03\/Casa-del-Bicentenario-Drone-01.jpg?fit=800%2C445&ssl=1","jetpack_sharing_enabled":true,"_links":{"self":[{"href":"https:\/\/cdnoticias.com\/index.php\/wp-json\/wp\/v2\/posts\/72649","targetHints":{"allow":["GET"]}}],"collection":[{"href":"https:\/\/cdnoticias.com\/index.php\/wp-json\/wp\/v2\/posts"}],"about":[{"href":"https:\/\/cdnoticias.com\/index.php\/wp-json\/wp\/v2\/types\/post"}],"author":[{"embeddable":true,"href":"https:\/\/cdnoticias.com\/index.php\/wp-json\/wp\/v2\/users\/4"}],"replies":[{"embeddable":true,"href":"https:\/\/cdnoticias.com\/index.php\/wp-json\/wp\/v2\/comments?post=72649"}],"version-history":[{"count":0,"href":"https:\/\/cdnoticias.com\/index.php\/wp-json\/wp\/v2\/posts\/72649\/revisions"}],"wp:featuredmedia":[{"embeddable":true,"href":"https:\/\/cdnoticias.com\/index.php\/wp-json\/wp\/v2\/media\/50361"}],"wp:attachment":[{"href":"https:\/\/cdnoticias.com\/index.php\/wp-json\/wp\/v2\/media?parent=72649"}],"wp:term":[{"taxonomy":"category","embeddable":true,"href":"https:\/\/cdnoticias.com\/index.php\/wp-json\/wp\/v2\/categories?post=72649"},{"taxonomy":"post_tag","embeddable":true,"href":"https:\/\/cdnoticias.com\/index.php\/wp-json\/wp\/v2\/tags?post=72649"}],"curies":[{"name":"wp","href":"https:\/\/api.w.org\/{rel}","templated":true}]}}