{"id":72643,"date":"2022-12-16T18:00:34","date_gmt":"2022-12-16T21:00:34","guid":{"rendered":"https:\/\/www.centraldenoticias.com.ar\/?p=72643"},"modified":"2022-12-16T20:42:07","modified_gmt":"2022-12-16T23:42:07","slug":"la-provincia-ya-tiene-ley-de-alcohol-cero-al-volante","status":"publish","type":"post","link":"https:\/\/cdnoticias.com\/index.php\/2022\/12\/16\/la-provincia-ya-tiene-ley-de-alcohol-cero-al-volante\/","title":{"rendered":"La Provincia ya tiene ley de \u201cAlcohol cero al volante\u201d"},"content":{"rendered":"<p>Se aprob\u00f3 en la modificaci\u00f3n de la Ley 13.927. Las sanciones y penalidades previstas. El mensaje del gobernador Axel Kicillof.<!--more--><\/p>\n<hr \/>\n<p><strong>La Legislatura bonaerense aprob\u00f3 el proyecto de ley de Alcohol Cero<\/strong> <a href=\"https:\/\/cdnoticias.com\/index.php\/2022\/01\/15\/la-legislatura-bonaerense-tratara-un-proyecto-de-tolerancia-cero-de-alcohol-para-conductores\/\" target=\"_blank\" rel=\"noopener\">presentado por el Ejecutivo provincial<\/a>.<\/p>\n<p>&nbsp;<\/p>\n<p><strong>La norma modifica el m\u00ednimo de alcohol permitido en sangre a la hora de conducir<\/strong> para garantizar la seguridad vial y salvar vidas.<\/p>\n<p>&nbsp;<\/p>\n<blockquote><p>La iniciativa llega para modificar la Ley 13.927 del C\u00f3digo de Tr\u00e1nsito y crea tolerancia cero al volante en veh\u00edculos motorizados. De esa manera, se elimina el grado permitido de 500 miligramos de alcohol por litro de sangre.<\/p><\/blockquote>\n<p>&nbsp;<\/p>\n<p><strong>El alcohol est\u00e1 presente en uno de cada cuatro siniestros viales y es la primera causa de muerte de menores de 35 a\u00f1os<\/strong>. Adem\u00e1s, durante 2022 hubo 6162 infracciones por alcohol al volante en rutas, calles y caminos de la provincia de Buenos Aires, seg\u00fan se desprende del <a href=\"https:\/\/cdnoticias.com\/index.php\/2022\/12\/15\/transito-4-de-cada-10-victimas-fatales-tienen-entre-15-y-34-anos-en-la-provincia\/\" target=\"_blank\" rel=\"noopener\">informe anual del Observatorio Vial de Seguridad Vial del Ministerio de Transporte bonaerense.<\/a><\/p>\n<p>&nbsp;<\/p>\n<p><img data-recalc-dims=\"1\" loading=\"lazy\" decoding=\"async\" class=\"size-full wp-image-72645 aligncenter\" src=\"https:\/\/i0.wp.com\/cdnoticias.com\/wp-content\/uploads\/2022\/12\/alcohol-cero-donofrio.jpg?resize=800%2C445&#038;ssl=1\" alt=\"\" width=\"800\" height=\"445\" srcset=\"https:\/\/i0.wp.com\/cdnoticias.com\/wp-content\/uploads\/2022\/12\/alcohol-cero-donofrio.jpg?w=800&amp;ssl=1 800w, https:\/\/i0.wp.com\/cdnoticias.com\/wp-content\/uploads\/2022\/12\/alcohol-cero-donofrio.jpg?resize=300%2C167&amp;ssl=1 300w, https:\/\/i0.wp.com\/cdnoticias.com\/wp-content\/uploads\/2022\/12\/alcohol-cero-donofrio.jpg?resize=768%2C427&amp;ssl=1 768w\" sizes=\"auto, (max-width: 800px) 100vw, 800px\" \/><\/p>\n<p>&nbsp;<\/p>\n<blockquote><p>\u201cBuscamos generar un cambio cultural en la Provincia. No pasa por el hecho de poner penas m\u00e1s duras, no buscamos ser recaudadores, queremos ser los promotores de un cambio que nos ayude a tener todas las vidas valen\u201d, se\u00f1al\u00f3 el ministro de Transporte bonaerense, Jorge D\u2019Onofrio.<\/p><\/blockquote>\n<p>&nbsp;<\/p>\n<p>\u201cEsta ley no es la \u00fanica herramienta con la que queremos generar un cambio de paradigma, <strong>el programa Licencia Joven lleg\u00f3 para quedarse<\/strong> y que nuestros pibes sean actores fundamentales en la concientizaci\u00f3n y la educaci\u00f3n vial\u201d agreg\u00f3. Vale recordar que, el plan de nueve m\u00f3dulos de educaci\u00f3n al conducir ya tuvo su prueba piloto en Pilar y durante 2023 se desarrollar\u00e1 en todos los colegios secundarios bonaerenses.<\/p>\n<p>&nbsp;<\/p>\n<blockquote class=\"twitter-tweet\">\n<p dir=\"ltr\" lang=\"es\">Tambi\u00e9n quiero agradecer a todas y todos los legisladores que trabajaron para que esta Ley sea una realidad y sigamos avanzando con el cambio cultural que necesitamos.<a href=\"https:\/\/twitter.com\/hashtag\/AlcoholCeroEsLey?src=hash&amp;ref_src=twsrc%5Etfw\">#AlcoholCeroEsLey<\/a> <a href=\"https:\/\/t.co\/ynmtRkfH6c\">pic.twitter.com\/ynmtRkfH6c<\/a><\/p>\n<p>\u2014 Jorge D\u00b4Onofrio (@donofriojorge) <a href=\"https:\/\/twitter.com\/donofriojorge\/status\/1603710772991111169?ref_src=twsrc%5Etfw\">December 16, 2022<\/a><\/p><\/blockquote>\n<p><script async src=\"https:\/\/platform.twitter.com\/widgets.js\" charset=\"utf-8\"><\/script><\/p>\n<p>&nbsp;<\/p>\n<p><strong>El ministro estuvo presente en el recinto de Diputados durante la votaci\u00f3n<\/strong> -que cerr\u00f3 con aplausos-, junto a representantes de agrupaciones que apoyaron e impulsaron la iniciativa. \u201cEstoy muy agradecido por el apoyo de las asociaciones de familiares de v\u00edctimas. Son el motor que nos impulsa d\u00eda a d\u00eda a trabajar por un transporte m\u00e1s seguro en la Provincia que salve vidas\u201d manifest\u00f3.<\/p>\n<p>&nbsp;<\/p>\n<p>Adem\u00e1s, tras la aprobaci\u00f3n de la nueva normativa, <strong>el gobernador Axel Kicillof celebr\u00f3 la votaci\u00f3n en positivo y expres\u00f3 \u201cun verdadero cambio cultural para cuidar la vida de las y los bonaerenses\u201d<\/strong>.<\/p>\n<p>&nbsp;<\/p>\n<p><span style=\"text-decoration: underline;\"><strong>Sanciones y penalidades<\/strong><\/span><\/p>\n<p>&nbsp;<\/p>\n<p>La nueva ley contempla penalidades como<strong> retenci\u00f3n de la licencia e inhabilitaci\u00f3n para manejar, arresto, multas y obligaci\u00f3n de concurrir a cursos especiales de educaci\u00f3n y capacitaci\u00f3n<\/strong> para el correcto uso de la v\u00eda p\u00fablica. Las puniciones tienen diferentes grados de aplicaci\u00f3n de acuerdo a los niveles de alcohol en sangre detectados.<\/p>\n<p>&nbsp;<\/p>\n<blockquote class=\"twitter-tweet\">\n<p dir=\"ltr\" lang=\"es\">Agradezco a las y los legisladores por la aprobaci\u00f3n de la Ley de Alcohol Cero en la provincia, impulsada por <a href=\"https:\/\/twitter.com\/donofriojorge?ref_src=twsrc%5Etfw\">@donofriojorge<\/a>.<\/p>\n<p>Un verdadero cambio cultural para cuidar la vida de las y los bonaerenses.<a href=\"https:\/\/twitter.com\/hashtag\/DERECHOalFUTURO?src=hash&amp;ref_src=twsrc%5Etfw\">#DERECHOalFUTURO<\/a><\/p>\n<p>\u2014 Axel Kicillof (@Kicillofok) <a href=\"https:\/\/twitter.com\/Kicillofok\/status\/1603705993266974720?ref_src=twsrc%5Etfw\">December 16, 2022<\/a><\/p><\/blockquote>\n<p><script async src=\"https:\/\/platform.twitter.com\/widgets.js\" charset=\"utf-8\"><\/script><\/p>\n<p>&nbsp;<\/p>\n<p>As\u00ed, <strong>quienes conduzcan con valores de hasta 499 miligramos recibir\u00e1n tres meses de inhabilitaci\u00f3n para manejar<\/strong>. Si el grado de alcoholemia se encuentra <strong>entre 500 y 999 miligramos, la pena ser\u00e1 de seis meses<\/strong>. En tanto, estar\u00e1n<strong> inhabilitadas por 18 meses las personas que circulen con tasas entre 1000 y 1500 miligramos<\/strong> de alcohol por litro de sangre. Por \u00faltimo, <strong>quienes superen los 1500 miligramos no podr\u00e1n conducir por el lapso de 18 meses.<\/strong><\/p>\n<p>&nbsp;<\/p>\n<blockquote><p>Cabe mencionar que, durante el primer a\u00f1o de vigencia de la ley, las personas que conduzcan con una tasa de hasta 499 miligramos por litro de sangre ser\u00e1 sancionada \u00fanicamente con la asistencia y aprobaci\u00f3n de cursos especiales de educaci\u00f3n y capacitaci\u00f3n para el correcto uso de la v\u00eda p\u00fablica.<\/p><\/blockquote>\n<p>&nbsp;<\/p>\n<p>De esta manera, la provincia de Buenos Aires se suma as\u00ed a Chaco, Chubut, C\u00f3rdoba, Entre R\u00edos, Jujuy, La Rioja, R\u00edo Negro, Salta, Santa Cruz, Tierra del Fuego y Tucum\u00e1n con Alcohol Cero al volante.<\/p>\n<p>&nbsp;<\/p>\n","protected":false},"excerpt":{"rendered":"<p>Se aprob\u00f3 en la modificaci\u00f3n de la Ley 13.927. Las sanciones y penalidades previstas. El mensaje del gobernador Axel Kicillof.<\/p>\n","protected":false},"author":4,"featured_media":72644,"comment_status":"closed","ping_status":"closed","sticky":false,"template":"","format":"standard","meta":{"_jetpack_memberships_contains_paid_content":false,"footnotes":""},"categories":[6,1],"tags":[],"class_list":["post-72643","post","type-post","status-publish","format-standard","has-post-thumbnail","hentry","category-nacionales","category-portada"],"jetpack_featured_media_url":"https:\/\/i0.wp.com\/cdnoticias.com\/wp-content\/uploads\/2022\/12\/alcohol-cero-diputados.jpg?fit=800%2C445&ssl=1","jetpack_sharing_enabled":true,"_links":{"self":[{"href":"https:\/\/cdnoticias.com\/index.php\/wp-json\/wp\/v2\/posts\/72643","targetHints":{"allow":["GET"]}}],"collection":[{"href":"https:\/\/cdnoticias.com\/index.php\/wp-json\/wp\/v2\/posts"}],"about":[{"href":"https:\/\/cdnoticias.com\/index.php\/wp-json\/wp\/v2\/types\/post"}],"author":[{"embeddable":true,"href":"https:\/\/cdnoticias.com\/index.php\/wp-json\/wp\/v2\/users\/4"}],"replies":[{"embeddable":true,"href":"https:\/\/cdnoticias.com\/index.php\/wp-json\/wp\/v2\/comments?post=72643"}],"version-history":[{"count":0,"href":"https:\/\/cdnoticias.com\/index.php\/wp-json\/wp\/v2\/posts\/72643\/revisions"}],"wp:featuredmedia":[{"embeddable":true,"href":"https:\/\/cdnoticias.com\/index.php\/wp-json\/wp\/v2\/media\/72644"}],"wp:attachment":[{"href":"https:\/\/cdnoticias.com\/index.php\/wp-json\/wp\/v2\/media?parent=72643"}],"wp:term":[{"taxonomy":"category","embeddable":true,"href":"https:\/\/cdnoticias.com\/index.php\/wp-json\/wp\/v2\/categories?post=72643"},{"taxonomy":"post_tag","embeddable":true,"href":"https:\/\/cdnoticias.com\/index.php\/wp-json\/wp\/v2\/tags?post=72643"}],"curies":[{"name":"wp","href":"https:\/\/api.w.org\/{rel}","templated":true}]}}