{"id":72641,"date":"2022-12-16T11:05:36","date_gmt":"2022-12-16T14:05:36","guid":{"rendered":"https:\/\/www.centraldenoticias.com.ar\/?p=72641"},"modified":"2022-12-16T11:05:36","modified_gmt":"2022-12-16T14:05:36","slug":"velia-azucena-gallo-pellicioli-q-e-p-d","status":"publish","type":"post","link":"https:\/\/cdnoticias.com\/index.php\/2022\/12\/16\/velia-azucena-gallo-pellicioli-q-e-p-d\/","title":{"rendered":"Velia Azucena Gallo Pellicioli (Q.E.P.D.)"},"content":{"rendered":"<p>&nbsp;<\/p>\n<p>Falleci\u00f3 en Olavarr\u00eda el d\u00eda 16 de diciembre de 2022 a los 96 a\u00f1os de edad.<\/p>\n<p>&nbsp;<\/p>\n<p>Velatorio: Espa\u00f1a 2942 departamento &#8221;B&#8221;, viernes a las 16. Responso: Capilla ardiente. Inhumaci\u00f3n: Cementerio Loma de Paz, s\u00e1bado a las 8:30. Servicio adherido a Coopelectric.<\/p>\n<p>&nbsp;<\/p>\n<p>Actividad que desarrollaba: Jubilada y Pensionada<\/p>\n<p>&nbsp;<\/p>\n","protected":false},"excerpt":{"rendered":"<p>&nbsp; Falleci\u00f3 en Olavarr\u00eda el d\u00eda 16 de diciembre de 2022 a los 96 a\u00f1os de edad. &nbsp; Velatorio: Espa\u00f1a<\/p>\n","protected":false},"author":4,"featured_media":67646,"comment_status":"closed","ping_status":"closed","sticky":false,"template":"","format":"standard","meta":{"_jetpack_memberships_contains_paid_content":false,"footnotes":""},"categories":[10],"tags":[],"class_list":["post-72641","post","type-post","status-publish","format-standard","has-post-thumbnail","hentry","category-necrologicas"],"jetpack_featured_media_url":"https:\/\/i0.wp.com\/cdnoticias.com\/wp-content\/uploads\/2022\/10\/necrologicas-390-x-240.jpg?fit=390%2C240&ssl=1","jetpack_sharing_enabled":true,"_links":{"self":[{"href":"https:\/\/cdnoticias.com\/index.php\/wp-json\/wp\/v2\/posts\/72641","targetHints":{"allow":["GET"]}}],"collection":[{"href":"https:\/\/cdnoticias.com\/index.php\/wp-json\/wp\/v2\/posts"}],"about":[{"href":"https:\/\/cdnoticias.com\/index.php\/wp-json\/wp\/v2\/types\/post"}],"author":[{"embeddable":true,"href":"https:\/\/cdnoticias.com\/index.php\/wp-json\/wp\/v2\/users\/4"}],"replies":[{"embeddable":true,"href":"https:\/\/cdnoticias.com\/index.php\/wp-json\/wp\/v2\/comments?post=72641"}],"version-history":[{"count":0,"href":"https:\/\/cdnoticias.com\/index.php\/wp-json\/wp\/v2\/posts\/72641\/revisions"}],"wp:featuredmedia":[{"embeddable":true,"href":"https:\/\/cdnoticias.com\/index.php\/wp-json\/wp\/v2\/media\/67646"}],"wp:attachment":[{"href":"https:\/\/cdnoticias.com\/index.php\/wp-json\/wp\/v2\/media?parent=72641"}],"wp:term":[{"taxonomy":"category","embeddable":true,"href":"https:\/\/cdnoticias.com\/index.php\/wp-json\/wp\/v2\/categories?post=72641"},{"taxonomy":"post_tag","embeddable":true,"href":"https:\/\/cdnoticias.com\/index.php\/wp-json\/wp\/v2\/tags?post=72641"}],"curies":[{"name":"wp","href":"https:\/\/api.w.org\/{rel}","templated":true}]}}