{"id":72636,"date":"2022-12-16T10:59:41","date_gmt":"2022-12-16T13:59:41","guid":{"rendered":"https:\/\/www.centraldenoticias.com.ar\/?p=72636"},"modified":"2022-12-16T12:09:41","modified_gmt":"2022-12-16T15:09:41","slug":"hallaron-en-tandil-un-auto-que-era-buscado-desde-olavarria","status":"publish","type":"post","link":"https:\/\/cdnoticias.com\/index.php\/2022\/12\/16\/hallaron-en-tandil-un-auto-que-era-buscado-desde-olavarria\/","title":{"rendered":"Hallaron en Tandil un auto que era buscado desde Olavarr\u00eda"},"content":{"rendered":"<p>El veh\u00edculo fue secuestrado en el marco de una causa por \u201cestafa\u201d que sigue la UFI N\u00ba 7 local. Las averiguaciones estuvieron a cargo de la SubDDI de Olavarr\u00eda.<!--more--><\/p>\n<hr \/>\n<p><strong>Hallaron en Tandil un auto que era buscado desde Olavarr\u00eda.<\/strong> Personal de<strong> Grupos Operativos de la SubDDI Olavarr\u00eda<\/strong> hizo un despliegue en la vecina localidad con el fin de efectivizar la orden de secuestro del veh\u00edculo.<\/p>\n<p>&nbsp;<\/p>\n<p>La actuaci\u00f3n tuvo lugar el mi\u00e9rcoles en el marco de una<strong> investigaci\u00f3n encabezada por la UFI N\u00b0 7 de Olavarr\u00eda, a cargo del fiscal Christian Url\u00e9zaga, por &#8220;estafa&#8221;<\/strong>.<\/p>\n<p>&nbsp;<\/p>\n<p><img data-recalc-dims=\"1\" loading=\"lazy\" decoding=\"async\" class=\"size-full wp-image-72637 aligncenter\" src=\"https:\/\/i0.wp.com\/cdnoticias.com\/wp-content\/uploads\/2022\/12\/DDI-secuestro-auto-estafa-ufi-7-00.jpg?resize=800%2C445&#038;ssl=1\" alt=\"\" width=\"800\" height=\"445\" srcset=\"https:\/\/i0.wp.com\/cdnoticias.com\/wp-content\/uploads\/2022\/12\/DDI-secuestro-auto-estafa-ufi-7-00.jpg?w=800&amp;ssl=1 800w, https:\/\/i0.wp.com\/cdnoticias.com\/wp-content\/uploads\/2022\/12\/DDI-secuestro-auto-estafa-ufi-7-00.jpg?resize=300%2C167&amp;ssl=1 300w, https:\/\/i0.wp.com\/cdnoticias.com\/wp-content\/uploads\/2022\/12\/DDI-secuestro-auto-estafa-ufi-7-00.jpg?resize=768%2C427&amp;ssl=1 768w\" sizes=\"auto, (max-width: 800px) 100vw, 800px\" \/><\/p>\n<p>&nbsp;<\/p>\n<p>Las pesquisas llevadas adelante por los investigadores permitieron que el rodado fuera hallado en Tandil. Es <strong>un Fiat Palio sobre el que se hab\u00eda emitido un \u00b4pedido de secuestro activo\u00b4<\/strong> en el sistema policial y fue recuperado por los efectivos de la Sub DDI.<\/p>\n<p>&nbsp;<\/p>\n<p>El procedimiento cont\u00f3 con la colaboraci\u00f3n de personal de SubDDI Tandil.<\/p>\n<p>&nbsp;<\/p>\n<p>&nbsp;<\/p>\n","protected":false},"excerpt":{"rendered":"<p>El veh\u00edculo fue secuestrado en el marco de una causa por \u201cestafa\u201d que sigue la UFI N\u00ba 7 local. Las<\/p>\n","protected":false},"author":4,"featured_media":72638,"comment_status":"closed","ping_status":"closed","sticky":false,"template":"","format":"standard","meta":{"_jetpack_memberships_contains_paid_content":false,"footnotes":""},"categories":[14,1],"tags":[],"class_list":["post-72636","post","type-post","status-publish","format-standard","has-post-thumbnail","hentry","category-policiales","category-portada"],"jetpack_featured_media_url":"https:\/\/i0.wp.com\/cdnoticias.com\/wp-content\/uploads\/2022\/12\/DDI-secuestro-auto-estafa-ufi-7-01.jpg?fit=800%2C445&ssl=1","jetpack_sharing_enabled":true,"_links":{"self":[{"href":"https:\/\/cdnoticias.com\/index.php\/wp-json\/wp\/v2\/posts\/72636","targetHints":{"allow":["GET"]}}],"collection":[{"href":"https:\/\/cdnoticias.com\/index.php\/wp-json\/wp\/v2\/posts"}],"about":[{"href":"https:\/\/cdnoticias.com\/index.php\/wp-json\/wp\/v2\/types\/post"}],"author":[{"embeddable":true,"href":"https:\/\/cdnoticias.com\/index.php\/wp-json\/wp\/v2\/users\/4"}],"replies":[{"embeddable":true,"href":"https:\/\/cdnoticias.com\/index.php\/wp-json\/wp\/v2\/comments?post=72636"}],"version-history":[{"count":0,"href":"https:\/\/cdnoticias.com\/index.php\/wp-json\/wp\/v2\/posts\/72636\/revisions"}],"wp:featuredmedia":[{"embeddable":true,"href":"https:\/\/cdnoticias.com\/index.php\/wp-json\/wp\/v2\/media\/72638"}],"wp:attachment":[{"href":"https:\/\/cdnoticias.com\/index.php\/wp-json\/wp\/v2\/media?parent=72636"}],"wp:term":[{"taxonomy":"category","embeddable":true,"href":"https:\/\/cdnoticias.com\/index.php\/wp-json\/wp\/v2\/categories?post=72636"},{"taxonomy":"post_tag","embeddable":true,"href":"https:\/\/cdnoticias.com\/index.php\/wp-json\/wp\/v2\/tags?post=72636"}],"curies":[{"name":"wp","href":"https:\/\/api.w.org\/{rel}","templated":true}]}}