{"id":72628,"date":"2022-12-16T20:47:12","date_gmt":"2022-12-16T23:47:12","guid":{"rendered":"https:\/\/www.centraldenoticias.com.ar\/?p=72628"},"modified":"2022-12-16T20:47:12","modified_gmt":"2022-12-16T23:47:12","slug":"la-regulacion-para-el-uso-de-pirotecnia-recreativa-en-la-provincia-es-ley","status":"publish","type":"post","link":"https:\/\/cdnoticias.com\/index.php\/2022\/12\/16\/la-regulacion-para-el-uso-de-pirotecnia-recreativa-en-la-provincia-es-ley\/","title":{"rendered":"La regulaci\u00f3n para el uso de pirotecnia recreativa en la Provincia es ley"},"content":{"rendered":"<p>El senador Bali Bucca, impulsor de la normativa, destac\u00f3 que \u201choy logramos un punto de inflexi\u00f3n, generamos un cambio cultural fuert\u00edsimo\u201d.<!--more--><\/p>\n<hr \/>\n<p><strong>Este jueves la C\u00e1mara de Diputados de la provincia de Buenos Aires aprob\u00f3 por unanimidad el proyecto de Regulaci\u00f3n del Uso de Artefactos de Pirotecnia para uso Recreativo<\/strong> que present\u00f3 el legislador Eduardo \u201cBali\u201d Bucca, y que <a href=\"https:\/\/cdnoticias.com\/index.php\/2022\/09\/08\/se-voto-por-unanimidad-el-proyecto-que-regula-la-pirotecnia-sonora-en-la-provincia\/\" target=\"_blank\" rel=\"noopener\">en septiembre se hab\u00eda aprobado en el Senado provincial<\/a>.<\/p>\n<p>&nbsp;<\/p>\n<blockquote><p>\u201cHoy podemos decir finalmente que es ley y me genera una satisfacci\u00f3n enorme que despu\u00e9s de tantos a\u00f1os de lucha, recorriendo junto a familias de toda la provincia, asociaciones, instituciones y referentes, hayamos podido dar este gran paso juntos\u201d, destac\u00f3 el Dr. Bucca.<\/p><\/blockquote>\n<p>&nbsp;<\/p>\n<p>El proyecto <strong>fue votado por unanimidad en ambas c\u00e1maras<\/strong> y <a href=\"https:\/\/cdnoticias.com\/index.php\/2022\/12\/16\/extensa-sesion-en-la-legislatura-la-provincia-ya-tiene-presupuesto-2023-y-ley-impositiva\/\" target=\"_blank\" rel=\"noopener\">se convirti\u00f3 en ley provincial<\/a>. En este sentido, el senador destac\u00f3 que <strong>\u201ces el puntapi\u00e9 para que luego se apruebe en el Congreso Nacional,<\/strong> as\u00ed beneficia a todas las familias a lo largo y ancho del pa\u00eds\u201d.<\/p>\n<p>&nbsp;<\/p>\n<p><img data-recalc-dims=\"1\" loading=\"lazy\" decoding=\"async\" class=\"size-full wp-image-72629 aligncenter\" src=\"https:\/\/i0.wp.com\/cdnoticias.com\/wp-content\/uploads\/2022\/12\/bali-bucca-pirotecnia-elegi-luces.jpg?resize=450%2C563&#038;ssl=1\" alt=\"\" width=\"450\" height=\"563\" srcset=\"https:\/\/i0.wp.com\/cdnoticias.com\/wp-content\/uploads\/2022\/12\/bali-bucca-pirotecnia-elegi-luces.jpg?w=450&amp;ssl=1 450w, https:\/\/i0.wp.com\/cdnoticias.com\/wp-content\/uploads\/2022\/12\/bali-bucca-pirotecnia-elegi-luces.jpg?resize=240%2C300&amp;ssl=1 240w\" sizes=\"auto, (max-width: 450px) 100vw, 450px\" \/><\/p>\n<p>&nbsp;<\/p>\n<blockquote><p>\u201cNo tenemos mejor manera de iniciar la campa\u00f1a \u201cEleg\u00ed Luces\u201d de todos los fines de a\u00f1o que con esta hermosa noticia, difundiendo por todos los medios que la regulaci\u00f3n del uso de pirotecnia sonora es ley\u201d, enfatiz\u00f3 Bucca. Adem\u00e1s a\u00f1adi\u00f3: \u201ccon esta campa\u00f1a fuimos logrando un cambio de conducta en la sociedad, logramos empatizar y ponernos en el lugar de todas esas familias que la pasan muy mal durante las fiestas, encerrados en habitaciones y conteniendo a sus hijos. Porque entendimos que el festejo termina cuando se le genera un da\u00f1o al otro\u201d.<\/p><\/blockquote>\n<p>&nbsp;<\/p>\n<p>El proyecto plantea la <strong>prohibici\u00f3n de la venta y el uso recreativo de art\u00edculos de pirotecnia de alto impacto sonoro,<\/strong> que da\u00f1an la salud y el ambiente, respetando de ese modo y, como expresa el art\u00edculo 41 de la Constituci\u00f3n Nacional, el \u201cderecho a un ambiente sano, equilibrado y apto para el desarrollo humano\u201d.<\/p>\n<p>&nbsp;<\/p>\n<p><strong>\u201cLas personas que tienen hipersensibilidad ac\u00fastica, no pueden controlar lo que genera el ruido<\/strong>: genera dolor, lo sienten como electricidad, es una cuesti\u00f3n sensorial que desencadena distintos tipos de comportamientos y a veces genera la autolesi\u00f3n\u201d, explic\u00f3 el m\u00e9dico Bucca.<\/p>\n<p>&nbsp;<\/p>\n<p><img data-recalc-dims=\"1\" loading=\"lazy\" decoding=\"async\" class=\"size-large wp-image-64432 aligncenter\" src=\"https:\/\/i0.wp.com\/cdnoticias.com\/wp-content\/uploads\/2022\/09\/WhatsApp-Image-2022-09-08-at-18.16.45.jpeg?resize=800%2C534&#038;ssl=1\" alt=\"\" width=\"800\" height=\"534\" srcset=\"https:\/\/i0.wp.com\/cdnoticias.com\/wp-content\/uploads\/2022\/09\/WhatsApp-Image-2022-09-08-at-18.16.45.jpeg?resize=1024%2C684&amp;ssl=1 1024w, https:\/\/i0.wp.com\/cdnoticias.com\/wp-content\/uploads\/2022\/09\/WhatsApp-Image-2022-09-08-at-18.16.45.jpeg?resize=300%2C200&amp;ssl=1 300w, https:\/\/i0.wp.com\/cdnoticias.com\/wp-content\/uploads\/2022\/09\/WhatsApp-Image-2022-09-08-at-18.16.45.jpeg?resize=768%2C513&amp;ssl=1 768w, https:\/\/i0.wp.com\/cdnoticias.com\/wp-content\/uploads\/2022\/09\/WhatsApp-Image-2022-09-08-at-18.16.45.jpeg?resize=1536%2C1025&amp;ssl=1 1536w, https:\/\/i0.wp.com\/cdnoticias.com\/wp-content\/uploads\/2022\/09\/WhatsApp-Image-2022-09-08-at-18.16.45.jpeg?resize=272%2C182&amp;ssl=1 272w, https:\/\/i0.wp.com\/cdnoticias.com\/wp-content\/uploads\/2022\/09\/WhatsApp-Image-2022-09-08-at-18.16.45.jpeg?w=1600&amp;ssl=1 1600w\" sizes=\"auto, (max-width: 800px) 100vw, 800px\" \/><\/p>\n<p>&nbsp;<\/p>\n<p>La estad\u00edstica mundial dice que <strong>1 de cada 58 ni\u00f1os es diagnosticado con CEA<\/strong>, y seg\u00fan lo expresado por sus familias, son los ni\u00f1os los que m\u00e1s sufren: se tapan los o\u00eddos, tienen crisis de llanto e incluso llegan a autolesionarse.<\/p>\n<p>&nbsp;<\/p>\n<blockquote><p>\u201cEstoy seguro que esta ley va a marcar un antes y un despu\u00e9s en la sociedad. Despu\u00e9s de tantos a\u00f1os de lucha, este es un gran abrazo a la naturaleza, a los animales y a todas las personas con autismo\u201d.<\/p><\/blockquote>\n<p>&nbsp;<\/p>\n","protected":false},"excerpt":{"rendered":"<p>El senador Bali Bucca, impulsor de la normativa, destac\u00f3 que \u201choy logramos un punto de inflexi\u00f3n, generamos un cambio cultural<\/p>\n","protected":false},"author":4,"featured_media":72630,"comment_status":"closed","ping_status":"closed","sticky":false,"template":"","format":"standard","meta":{"_jetpack_memberships_contains_paid_content":false,"footnotes":""},"categories":[4,1],"tags":[],"class_list":["post-72628","post","type-post","status-publish","format-standard","has-post-thumbnail","hentry","category-politica","category-portada"],"jetpack_featured_media_url":"https:\/\/i0.wp.com\/cdnoticias.com\/wp-content\/uploads\/2022\/12\/bali-bucca-senador-0.jpg?fit=800%2C445&ssl=1","jetpack_sharing_enabled":true,"_links":{"self":[{"href":"https:\/\/cdnoticias.com\/index.php\/wp-json\/wp\/v2\/posts\/72628","targetHints":{"allow":["GET"]}}],"collection":[{"href":"https:\/\/cdnoticias.com\/index.php\/wp-json\/wp\/v2\/posts"}],"about":[{"href":"https:\/\/cdnoticias.com\/index.php\/wp-json\/wp\/v2\/types\/post"}],"author":[{"embeddable":true,"href":"https:\/\/cdnoticias.com\/index.php\/wp-json\/wp\/v2\/users\/4"}],"replies":[{"embeddable":true,"href":"https:\/\/cdnoticias.com\/index.php\/wp-json\/wp\/v2\/comments?post=72628"}],"version-history":[{"count":0,"href":"https:\/\/cdnoticias.com\/index.php\/wp-json\/wp\/v2\/posts\/72628\/revisions"}],"wp:featuredmedia":[{"embeddable":true,"href":"https:\/\/cdnoticias.com\/index.php\/wp-json\/wp\/v2\/media\/72630"}],"wp:attachment":[{"href":"https:\/\/cdnoticias.com\/index.php\/wp-json\/wp\/v2\/media?parent=72628"}],"wp:term":[{"taxonomy":"category","embeddable":true,"href":"https:\/\/cdnoticias.com\/index.php\/wp-json\/wp\/v2\/categories?post=72628"},{"taxonomy":"post_tag","embeddable":true,"href":"https:\/\/cdnoticias.com\/index.php\/wp-json\/wp\/v2\/tags?post=72628"}],"curies":[{"name":"wp","href":"https:\/\/api.w.org\/{rel}","templated":true}]}}