{"id":72614,"date":"2022-12-16T08:21:29","date_gmt":"2022-12-16T11:21:29","guid":{"rendered":"https:\/\/www.centraldenoticias.com.ar\/?p=72614"},"modified":"2022-12-16T08:21:29","modified_gmt":"2022-12-16T11:21:29","slug":"acuerdo-de-precios-en-medicamentos-se-mantendran-hasta-marzo-de-2023","status":"publish","type":"post","link":"https:\/\/cdnoticias.com\/index.php\/2022\/12\/16\/acuerdo-de-precios-en-medicamentos-se-mantendran-hasta-marzo-de-2023\/","title":{"rendered":"Acuerdo de precios en medicamentos: se mantendr\u00e1n hasta marzo de 2023"},"content":{"rendered":"<p>El ministro de Econom\u00eda Sergio Massa dijo que el dato de la baja de la inflaci\u00f3n &#8220;es alentador&#8221; pero aclar\u00f3 que no est\u00e1 conforme.<!--more--><\/p>\n<hr \/>\n<p>El ministro de Econom\u00eda, Sergio Massa, y el Secretario de Comercio, Mat\u00edas Tombolini, anunciaron un acuerdo con farmac\u00e9uticas y laboratorios para <strong>mantener los precios de los medicamentos por debajo de la inflaci\u00f3n hasta el 31 de marzo de 2023, con un tope de aumento de 3,8% mensual para los f\u00e1rmacos que se venden bajo receta.<\/strong><\/p>\n<p>&nbsp;<\/p>\n<p>El tope <strong>se fijar\u00e1 a partir del \u00faltimo precio sugerido de venta al p\u00fablico de noviembre de 2022 e incluye una cl\u00e1usula gatillo<\/strong> para que, <strong>en caso de que la inflaci\u00f3n supere 5%, las empresas puedan aplicar un aumento hasta un punto por debajo de la medici\u00f3n del INDEC al mes siguiente,<\/strong> inform\u00f3 la cartera econ\u00f3mica.<\/p>\n<p>&nbsp;<\/p>\n<p>Massa apunt\u00f3 que sigue trabajando en la \u201ctarea de tratar de recuperar poder de compra, m\u00e1s all\u00e1 de las mejoras de salarios\u201d y asegur\u00f3 que con el ingreso de los medicamentos el programa de control de precios ya alcanza a <strong>\u201c40.000 productos\u201d.<\/strong><\/p>\n<p>&nbsp;<\/p>\n<blockquote class=\"twitter-tweet\" data-width=\"550\" data-dnt=\"true\">\n<p lang=\"es\" dir=\"ltr\">\ud83d\udc8aJunto a c\u00e1maras de laboratorios y farmacias acordamos mantener los precios de los <a href=\"https:\/\/twitter.com\/hashtag\/medicamentos?src=hash&amp;ref_src=twsrc%5Etfw\">#medicamentos<\/a> por debajo de la inflaci\u00f3n hasta el 31 de marzo de 2023. <\/p>\n<p>Una nueva medida para llevar previsibilidad y alivio a los hogares argentinos. <a href=\"https:\/\/t.co\/GDQW7r7cEG\">pic.twitter.com\/GDQW7r7cEG<\/a><\/p>\n<p>&mdash; Secretar\u00eda de Comercio (@ComercioArg) <a href=\"https:\/\/twitter.com\/ComercioArg\/status\/1603512148696637456?ref_src=twsrc%5Etfw\">December 15, 2022<\/a><\/p><\/blockquote>\n<p><script async src=\"https:\/\/platform.twitter.com\/widgets.js\" charset=\"utf-8\"><\/script><\/p>\n<p>&nbsp;<\/p>\n<p>\u201cPoder seguir consolidando el programa de acuerdo de precios con distintos sectores es muy importante\u201d, expres\u00f3 el ministro, y a\u00f1adi\u00f3: <strong>\u201cEl dato de inflaci\u00f3n nos tranquiliza, asumimos hace cuatro meses con siete puntos y medio pero no nos conforma, tenemos que seguir bajando la inflaci\u00f3n\u201d.<\/strong><\/p>\n<p>&nbsp;<\/p>\n<p>En esa l\u00ednea, sobre el dato inflacionario difundido por el INDEC, que indic\u00f3 que el \u00cdndice de Precios al Consumidor (IPC) de noviembre fue de 4,9%, Massa sostuvo: \u201cEl n\u00famero de hoy es alentador pero tenemos que seguir haciendo el esfuerzo\u201d.<\/p>\n<p>&nbsp;<\/p>\n<p><em>Fuente: DIB.\u00a0<\/em><\/p>\n","protected":false},"excerpt":{"rendered":"<p>El ministro de Econom\u00eda Sergio Massa dijo que el dato de la baja de la inflaci\u00f3n &#8220;es alentador&#8221; pero aclar\u00f3<\/p>\n","protected":false},"author":5,"featured_media":72615,"comment_status":"closed","ping_status":"closed","sticky":false,"template":"","format":"standard","meta":{"_jetpack_memberships_contains_paid_content":false,"footnotes":""},"categories":[6,1],"tags":[],"class_list":["post-72614","post","type-post","status-publish","format-standard","has-post-thumbnail","hentry","category-nacionales","category-portada"],"jetpack_featured_media_url":"https:\/\/i0.wp.com\/cdnoticias.com\/wp-content\/uploads\/2022\/12\/acuerdo-de-precios-medicamentos-696x393-1.jpg?fit=696%2C393&ssl=1","jetpack_sharing_enabled":true,"_links":{"self":[{"href":"https:\/\/cdnoticias.com\/index.php\/wp-json\/wp\/v2\/posts\/72614","targetHints":{"allow":["GET"]}}],"collection":[{"href":"https:\/\/cdnoticias.com\/index.php\/wp-json\/wp\/v2\/posts"}],"about":[{"href":"https:\/\/cdnoticias.com\/index.php\/wp-json\/wp\/v2\/types\/post"}],"author":[{"embeddable":true,"href":"https:\/\/cdnoticias.com\/index.php\/wp-json\/wp\/v2\/users\/5"}],"replies":[{"embeddable":true,"href":"https:\/\/cdnoticias.com\/index.php\/wp-json\/wp\/v2\/comments?post=72614"}],"version-history":[{"count":0,"href":"https:\/\/cdnoticias.com\/index.php\/wp-json\/wp\/v2\/posts\/72614\/revisions"}],"wp:featuredmedia":[{"embeddable":true,"href":"https:\/\/cdnoticias.com\/index.php\/wp-json\/wp\/v2\/media\/72615"}],"wp:attachment":[{"href":"https:\/\/cdnoticias.com\/index.php\/wp-json\/wp\/v2\/media?parent=72614"}],"wp:term":[{"taxonomy":"category","embeddable":true,"href":"https:\/\/cdnoticias.com\/index.php\/wp-json\/wp\/v2\/categories?post=72614"},{"taxonomy":"post_tag","embeddable":true,"href":"https:\/\/cdnoticias.com\/index.php\/wp-json\/wp\/v2\/tags?post=72614"}],"curies":[{"name":"wp","href":"https:\/\/api.w.org\/{rel}","templated":true}]}}