{"id":72585,"date":"2022-12-15T18:20:15","date_gmt":"2022-12-15T21:20:15","guid":{"rendered":"https:\/\/www.centraldenoticias.com.ar\/?p=72585"},"modified":"2022-12-16T08:17:01","modified_gmt":"2022-12-16T11:17:01","slug":"un-tandilense-murio-en-un-fatal-accidente-en-ruta-226","status":"publish","type":"post","link":"https:\/\/cdnoticias.com\/index.php\/2022\/12\/15\/un-tandilense-murio-en-un-fatal-accidente-en-ruta-226\/","title":{"rendered":"Un tandilense muri\u00f3 en un accidente en ruta 226"},"content":{"rendered":"<p>Se trata de un motociclista que fue arrollado por un cami\u00f3n en la vecina ciudad. Ten\u00eda 49 a\u00f1os. <!--more--><\/p>\n<hr \/>\n<p>Este jueves por la ma\u00f1ana, <strong>un hombre oriundo de Tandil muri\u00f3 luego de chocar, con su motocicleta, con un cami\u00f3n en ruta 226 a la altura de calle Hudson, en la vecina ciudad.<\/strong><\/p>\n<p>&nbsp;<\/p>\n<p>Seg\u00fan se logr\u00f3 saber, <strong>la versi\u00f3n m\u00e1s fuerte hasta ahora da cuenta de que el camionero circulaba en sentido Tandil-Mar de Plata y habr\u00eda intentado girar a la izquierda hacia Hudson, mientras que el motociclista intentaba sobrepasarlo por la ruta, produci\u00e9ndose el impacto a la altura del acoplado.<\/strong><\/p>\n<p>&nbsp;<\/p>\n<p><strong>El hombre falleci\u00f3 en el acto, y fue identificado como \u00c1lvaro Joaqu\u00edn Daniel Ferreira de 49 a\u00f1os de edad,<\/strong> oriundo de Tandil. El camionero result\u00f3 ileso, pero debi\u00f3 ser trasladado al Hospital Ram\u00f3n Santamarina producto de la conmoci\u00f3n que le gener\u00f3 el hecho.<\/p>\n<p>&nbsp;<\/p>\n<p>Particip\u00f3 en el hecho personal de Corredores Viales, personal policial de Tandil, Bomberos, una ambulancia del SAME y Polic\u00eda Cient\u00edfica quien realiz\u00f3 las tareas correspondientes de peritaje.<\/p>\n<p>&nbsp;<\/p>\n<p><strong><em>Foto e informaci\u00f3n: El Eco de Tandil<\/em><\/strong><\/p>\n","protected":false},"excerpt":{"rendered":"<p>Se trata de un motociclista que fue arrollado por un cami\u00f3n en la vecina ciudad. Ten\u00eda 49 a\u00f1os.<\/p>\n","protected":false},"author":2,"featured_media":72586,"comment_status":"closed","ping_status":"closed","sticky":false,"template":"","format":"standard","meta":{"_jetpack_memberships_contains_paid_content":false,"footnotes":""},"categories":[6,14,1],"tags":[],"class_list":["post-72585","post","type-post","status-publish","format-standard","has-post-thumbnail","hentry","category-nacionales","category-policiales","category-portada"],"jetpack_featured_media_url":"https:\/\/i0.wp.com\/cdnoticias.com\/wp-content\/uploads\/2022\/12\/accidente-tandil-1.jpg?fit=612%2C414&ssl=1","jetpack_sharing_enabled":true,"_links":{"self":[{"href":"https:\/\/cdnoticias.com\/index.php\/wp-json\/wp\/v2\/posts\/72585","targetHints":{"allow":["GET"]}}],"collection":[{"href":"https:\/\/cdnoticias.com\/index.php\/wp-json\/wp\/v2\/posts"}],"about":[{"href":"https:\/\/cdnoticias.com\/index.php\/wp-json\/wp\/v2\/types\/post"}],"author":[{"embeddable":true,"href":"https:\/\/cdnoticias.com\/index.php\/wp-json\/wp\/v2\/users\/2"}],"replies":[{"embeddable":true,"href":"https:\/\/cdnoticias.com\/index.php\/wp-json\/wp\/v2\/comments?post=72585"}],"version-history":[{"count":0,"href":"https:\/\/cdnoticias.com\/index.php\/wp-json\/wp\/v2\/posts\/72585\/revisions"}],"wp:featuredmedia":[{"embeddable":true,"href":"https:\/\/cdnoticias.com\/index.php\/wp-json\/wp\/v2\/media\/72586"}],"wp:attachment":[{"href":"https:\/\/cdnoticias.com\/index.php\/wp-json\/wp\/v2\/media?parent=72585"}],"wp:term":[{"taxonomy":"category","embeddable":true,"href":"https:\/\/cdnoticias.com\/index.php\/wp-json\/wp\/v2\/categories?post=72585"},{"taxonomy":"post_tag","embeddable":true,"href":"https:\/\/cdnoticias.com\/index.php\/wp-json\/wp\/v2\/tags?post=72585"}],"curies":[{"name":"wp","href":"https:\/\/api.w.org\/{rel}","templated":true}]}}