{"id":72582,"date":"2022-12-15T19:20:33","date_gmt":"2022-12-15T22:20:33","guid":{"rendered":"https:\/\/www.centraldenoticias.com.ar\/?p=72582"},"modified":"2022-12-16T07:38:17","modified_gmt":"2022-12-16T10:38:17","slug":"se-sortearan-las-primeras-20-viviendas-tuvi-tradicional","status":"publish","type":"post","link":"https:\/\/cdnoticias.com\/index.php\/2022\/12\/15\/se-sortearan-las-primeras-20-viviendas-tuvi-tradicional\/","title":{"rendered":"Se sortear\u00e1n las primeras 20 viviendas TuVi Tradicional"},"content":{"rendered":"<p>Ser\u00e1 el pr\u00f3ximo mi\u00e9rcoles 21 de diciembre en el Centro Cultural San Jos\u00e9. <!--more--><\/p>\n<hr \/>\n<p>El pr\u00f3ximo <strong>mi\u00e9rcoles 21 de diciembre<\/strong>, en el <strong>Centro Cultural San Jos\u00e9<\/strong>, se llevar\u00e1 a cabo el <strong>sorteo de las primeras 20 viviendas enmarcadas en el Programa TuVi de construcci\u00f3n tradicional.<\/strong><\/p>\n<p>&nbsp;<\/p>\n<p>Se realizar\u00e1<strong> a partir de las 11:00 horas y contar\u00e1 con la presencia de autoridades municipales.<\/strong> Se aclar\u00f3 que cada una de las familias que han sido parte del Programa ya fueron invitadas pertinentemente y que, en caso que no puedan asistir al acto, estar\u00e1 presente un escribano p\u00fablico, quien suscribir\u00e1 y dar\u00e1 f\u00e9 de lo sucedido a trav\u00e9s de un acta, que luego les ser\u00e1 remitida v\u00eda e-mail.<\/p>\n<p>&nbsp;<\/p>\n<p><a href=\"https:\/\/cdnoticias.com\/index.php\/2022\/10\/27\/galli-recorrio-las-tuvi-tradicionales-que-estan-en-su-tramo-final-de-obra\/\" target=\"_blank\" rel=\"noopener\">Semanas atr\u00e1s el <\/a><strong>intendente Ezequiel Galli visit\u00f3 la obra que se lleva adelante en el barrio Pickelado,<\/strong> donde pudo &#8220;constatar que la construcci\u00f3n de las viviendas se hallaba en su tramo final&#8221;. Estos modelos se vienen cumpliendo con el plazo establecido, y los meses de demora &#8220;habituales&#8221; teniendo en cuenta el clima y otras variables, se inform\u00f3.<\/p>\n<p>&nbsp;<\/p>\n<p><strong>No hubo mayor informaci\u00f3n, en tanto, de lo que sucede con las otras viviendas<\/strong>, las industrializadas, que est\u00e1n a cargo de otra empresa hace dos meses.<\/p>\n<p>&nbsp;<\/p>\n<p>Cada una de las casas cuenta con 45 metros cuadrados, ubicadas en terrenos de 12 metros de frente por 25 de fondo, con todas sus instalaciones, revestimientos, cielorrasos, artefactos y accesorios necesarios para un buen funcionamiento.<\/p>\n<p>&nbsp;<\/p>\n","protected":false},"excerpt":{"rendered":"<p>Ser\u00e1 el pr\u00f3ximo mi\u00e9rcoles 21 de diciembre en el Centro Cultural San Jos\u00e9.<\/p>\n","protected":false},"author":6,"featured_media":72583,"comment_status":"closed","ping_status":"closed","sticky":false,"template":"","format":"standard","meta":{"_jetpack_memberships_contains_paid_content":false,"footnotes":""},"categories":[5,1],"tags":[],"class_list":["post-72582","post","type-post","status-publish","format-standard","has-post-thumbnail","hentry","category-informacion-general","category-portada"],"jetpack_featured_media_url":"https:\/\/i0.wp.com\/cdnoticias.com\/wp-content\/uploads\/2022\/12\/Obras-Recorrida-Tuvis-Tradicionales-2-1024x685-1.jpg?fit=1024%2C685&ssl=1","jetpack_sharing_enabled":true,"_links":{"self":[{"href":"https:\/\/cdnoticias.com\/index.php\/wp-json\/wp\/v2\/posts\/72582","targetHints":{"allow":["GET"]}}],"collection":[{"href":"https:\/\/cdnoticias.com\/index.php\/wp-json\/wp\/v2\/posts"}],"about":[{"href":"https:\/\/cdnoticias.com\/index.php\/wp-json\/wp\/v2\/types\/post"}],"author":[{"embeddable":true,"href":"https:\/\/cdnoticias.com\/index.php\/wp-json\/wp\/v2\/users\/6"}],"replies":[{"embeddable":true,"href":"https:\/\/cdnoticias.com\/index.php\/wp-json\/wp\/v2\/comments?post=72582"}],"version-history":[{"count":0,"href":"https:\/\/cdnoticias.com\/index.php\/wp-json\/wp\/v2\/posts\/72582\/revisions"}],"wp:featuredmedia":[{"embeddable":true,"href":"https:\/\/cdnoticias.com\/index.php\/wp-json\/wp\/v2\/media\/72583"}],"wp:attachment":[{"href":"https:\/\/cdnoticias.com\/index.php\/wp-json\/wp\/v2\/media?parent=72582"}],"wp:term":[{"taxonomy":"category","embeddable":true,"href":"https:\/\/cdnoticias.com\/index.php\/wp-json\/wp\/v2\/categories?post=72582"},{"taxonomy":"post_tag","embeddable":true,"href":"https:\/\/cdnoticias.com\/index.php\/wp-json\/wp\/v2\/tags?post=72582"}],"curies":[{"name":"wp","href":"https:\/\/api.w.org\/{rel}","templated":true}]}}