{"id":72573,"date":"2022-12-16T17:07:26","date_gmt":"2022-12-16T20:07:26","guid":{"rendered":"https:\/\/www.centraldenoticias.com.ar\/?p=72573"},"modified":"2022-12-16T17:07:26","modified_gmt":"2022-12-16T20:07:26","slug":"vergel-el-trabajo-presentado-por-carlos-paz-hace-a-la-identidad-de-nuestro-pueblo","status":"publish","type":"post","link":"https:\/\/cdnoticias.com\/index.php\/2022\/12\/16\/vergel-el-trabajo-presentado-por-carlos-paz-hace-a-la-identidad-de-nuestro-pueblo\/","title":{"rendered":"Vergel: \u201cEl trabajo presentado por Carlos Paz hace a la identidad de nuestro pueblo&#8221;"},"content":{"rendered":"<p>As\u00ed lo indic\u00f3 la concejal luego de hacer entrega de\u00a0la menci\u00f3n de Inter\u00e9s Legislativo Municipal al libro \u201cArqueolog\u00eda Industrial, Inmigraci\u00f3n Italiana y Culturas del Trabajo en las Sierras de Olavarr\u00eda\u201d<!--more--><\/p>\n<hr \/>\n<p>Este mi\u00e9rcoles, la <strong>concejal Bel\u00e9n Vergel<\/strong> hizo <strong>entrega de las menciones de Inter\u00e9s Legislativo Municipal y de Patrimonio Cultural al libro<\/strong> <em><strong>\u201cArqueolog\u00eda Industrial, Inmigraci\u00f3n Italiana y Culturas del Trabajo en las Sierras de Olavarr\u00eda: una mirada antropol\u00f3gica del territorio\u201d<\/strong><\/em>, iniciativas presentadas recientemente por el bloque radical y aprobadas por el HCD.<\/p>\n<p>&nbsp;<\/p>\n<p>La obra fue publicada por el<strong> Dr. en Antropolog\u00eda, docente e investigador Carlos Paz<\/strong> y editado por la Universidad Nacional del Centro de la Provincia de Buenos Aires \u2013 UNICEN.<\/p>\n<p>&nbsp;<\/p>\n<p><img data-recalc-dims=\"1\" loading=\"lazy\" decoding=\"async\" class=\"aligncenter wp-image-72574 size-full\" src=\"https:\/\/i0.wp.com\/cdnoticias.com\/wp-content\/uploads\/2022\/12\/vergel.png?resize=800%2C597&#038;ssl=1\" alt=\"\" width=\"800\" height=\"597\" srcset=\"https:\/\/i0.wp.com\/cdnoticias.com\/wp-content\/uploads\/2022\/12\/vergel.png?w=1196&amp;ssl=1 1196w, https:\/\/i0.wp.com\/cdnoticias.com\/wp-content\/uploads\/2022\/12\/vergel.png?resize=300%2C224&amp;ssl=1 300w, https:\/\/i0.wp.com\/cdnoticias.com\/wp-content\/uploads\/2022\/12\/vergel.png?resize=1024%2C765&amp;ssl=1 1024w, https:\/\/i0.wp.com\/cdnoticias.com\/wp-content\/uploads\/2022\/12\/vergel.png?resize=768%2C573&amp;ssl=1 768w\" sizes=\"auto, (max-width: 800px) 100vw, 800px\" \/><\/p>\n<p>&nbsp;<\/p>\n<p>En este sentido, Vergel se\u00f1al\u00f3 que <em><strong>\u201cel trabajo presentado por Carlos Paz hace a la identidad de nuestro pueblo, la recuperaci\u00f3n de aquella historia de c\u00f3mo se formaron las localidades y reivindica el rol de los inmigrantes en su trabajo en las caleras y en las f\u00e1bricas\u201d.<\/strong><\/em><\/p>\n<p>&nbsp;<\/p>\n<p>Asimismo, indic\u00f3 que \u201cesta<strong> labor que ha llevado por m\u00e1s de 20 a\u00f1os<\/strong> y que plasm\u00f3 en este libro que public\u00f3 recientemente ser\u00e1 tambi\u00e9n un <strong>patrimonio intangible de la ciudad<\/strong> ya que a trav\u00e9s de las generaciones se podr\u00e1 tomar como medio de consulta para <strong>conocer y saber c\u00f3mo fue la historia de nuestro pueblo. <\/strong>Por eso es tan importante que desde el Concejo, y sobre todo el trabajo hecho por este bloque, reivindique, visibilice y ponga en valor tama\u00f1a investigaci\u00f3n que hace a la historia de Olavarr\u00eda\u201d.<\/p>\n<p>&nbsp;<\/p>\n<p><strong>Sobre el libro<\/strong><\/p>\n<p>&nbsp;<\/p>\n<p>La obra fue presentada durante la<strong> XX edici\u00f3n de la Semana Nacional de la Ciencia y la Tecnolog\u00eda<\/strong> que se llev\u00f3 a cabo en la Facultad de Ciencias Sociales.<\/p>\n<p>&nbsp;<\/p>\n<p>Re\u00fane <strong>22 a\u00f1os de investigaciones articuladas al patrimonio industrial de las sierras de Olavarr\u00eda<\/strong>, a su proceso de patrimonializaci\u00f3n y el an\u00e1lisis del desarrollo minero a trav\u00e9s del tiempo, rescatando del olvido tradiciones productivas, oficios, t\u00e9cnicas y tecnolog\u00edas. Adem\u00e1s cuenta sobre los fen\u00f3menos ex\u00f3genos, como la inmigraci\u00f3n de ultramar, que fortalecieron nuestra identidad regional y las particulares culturas del trabajo de las localidades mineras del Partido.<\/p>\n","protected":false},"excerpt":{"rendered":"<p>As\u00ed lo indic\u00f3 la concejal luego de hacer entrega de\u00a0la menci\u00f3n de Inter\u00e9s Legislativo Municipal al libro \u201cArqueolog\u00eda Industrial, Inmigraci\u00f3n<\/p>\n","protected":false},"author":6,"featured_media":72575,"comment_status":"closed","ping_status":"closed","sticky":false,"template":"","format":"standard","meta":{"_jetpack_memberships_contains_paid_content":false,"footnotes":""},"categories":[4,1],"tags":[],"class_list":["post-72573","post","type-post","status-publish","format-standard","has-post-thumbnail","hentry","category-politica","category-portada"],"jetpack_featured_media_url":"https:\/\/i0.wp.com\/cdnoticias.com\/wp-content\/uploads\/2022\/12\/IMG-20221214-WA0019.jpg?fit=1600%2C1200&ssl=1","jetpack_sharing_enabled":true,"_links":{"self":[{"href":"https:\/\/cdnoticias.com\/index.php\/wp-json\/wp\/v2\/posts\/72573","targetHints":{"allow":["GET"]}}],"collection":[{"href":"https:\/\/cdnoticias.com\/index.php\/wp-json\/wp\/v2\/posts"}],"about":[{"href":"https:\/\/cdnoticias.com\/index.php\/wp-json\/wp\/v2\/types\/post"}],"author":[{"embeddable":true,"href":"https:\/\/cdnoticias.com\/index.php\/wp-json\/wp\/v2\/users\/6"}],"replies":[{"embeddable":true,"href":"https:\/\/cdnoticias.com\/index.php\/wp-json\/wp\/v2\/comments?post=72573"}],"version-history":[{"count":0,"href":"https:\/\/cdnoticias.com\/index.php\/wp-json\/wp\/v2\/posts\/72573\/revisions"}],"wp:featuredmedia":[{"embeddable":true,"href":"https:\/\/cdnoticias.com\/index.php\/wp-json\/wp\/v2\/media\/72575"}],"wp:attachment":[{"href":"https:\/\/cdnoticias.com\/index.php\/wp-json\/wp\/v2\/media?parent=72573"}],"wp:term":[{"taxonomy":"category","embeddable":true,"href":"https:\/\/cdnoticias.com\/index.php\/wp-json\/wp\/v2\/categories?post=72573"},{"taxonomy":"post_tag","embeddable":true,"href":"https:\/\/cdnoticias.com\/index.php\/wp-json\/wp\/v2\/tags?post=72573"}],"curies":[{"name":"wp","href":"https:\/\/api.w.org\/{rel}","templated":true}]}}