{"id":72563,"date":"2022-12-15T17:42:30","date_gmt":"2022-12-15T20:42:30","guid":{"rendered":"https:\/\/www.centraldenoticias.com.ar\/?p=72563"},"modified":"2022-12-15T17:42:30","modified_gmt":"2022-12-15T20:42:30","slug":"la-inflacion-de-noviembre-marco-una-baja-49-de-suba-en-precios","status":"publish","type":"post","link":"https:\/\/cdnoticias.com\/index.php\/2022\/12\/15\/la-inflacion-de-noviembre-marco-una-baja-49-de-suba-en-precios\/","title":{"rendered":"La inflaci\u00f3n de noviembre marc\u00f3 una baja: 4,9% de suba en precios"},"content":{"rendered":"<p>Es el promedio del IPC informado por el INDEC. En lo que va de 2022 los precios se incrementaron un 85,3%, mientras que el interanual alcanz\u00f3 92,4%. <!--more--><\/p>\n<hr \/>\n<p>El <strong>\u00cdndice de Precios al Consumidor (IPC) nacional subi\u00f3 4,9% en noviembre<\/strong>, con lo que acumul\u00f3 en los once primeros meses del a\u00f1o un alza del 85,3%, inform\u00f3 el Instituto Nacional de Estad\u00edstica y Censos (Indec).<\/p>\n<p>&nbsp;<\/p>\n<blockquote><p>De esta manera, los precios a nivel minorista marcaron una fuerte desaceleraci\u00f3n respecto al 6,3% registrado en octubre, en tanto que entre noviembre de este a\u00f1o e igual mes del 2021 acumularon un incremento de 92,4%, agreg\u00f3 el reporte.<\/p><\/blockquote>\n<p>&nbsp;<\/p>\n<p><strong>La divisi\u00f3n de mayor aumento en el mes fue el rubro Vivienda, agua, electricidad, gas y otros combustibles (8,7%)<\/strong>, dentro de la que se destac\u00f3 el incremento de los servicios de electricidad y gas a ra\u00edz de la segmentaci\u00f3n de tarifas en todo el pa\u00eds.<\/p>\n<p>&nbsp;<\/p>\n<p>Le siguieron en importancia en noviembre<strong> el rubro Comunicaci\u00f3n (6,4%), sobre la que incidi\u00f3 principalmente la suba de los servicios de telefon\u00eda e internet, y Bebidas alcoh\u00f3licas y tabaco (6,3%),<\/strong> cuyo mayor impacto se dio por el aumento de los cigarrillos.<\/p>\n<p>&nbsp;<\/p>\n<blockquote><p>Las dos divisiones de menor variaci\u00f3n en noviembre fueron Educaci\u00f3n (3,8%) y Alimentos y bebidas no alcoh\u00f3licas (3,5%). Esta \u00faltima fue, sin embargo, la de mayor incidencia en casi todas las regiones, por su peso dentro del \u00edndice general.<\/p><\/blockquote>\n<p>&nbsp;<\/p>\n<p>Se destac\u00f3 al interior de la divisi\u00f3n de alimentos <strong>la suba de Frutas; Aguas minerales, bebidas gaseosas y jugos; y Pan y cereales; en tanto Verduras, tub\u00e9rculos y legumbres registr\u00f3 una baja en la mayor\u00eda de las regiones.<\/strong><\/p>\n<p>&nbsp;<\/p>\n<p>A nivel de las categor\u00edas,<strong> lideraron el alza mensual los precios Regulados (6,2%) explicada, en parte, por las subas de los servicios de electricidad, gas y agua, seguida por el IPC N\u00facleo (4,8%) y, en \u00faltimo lugar, los denominados Estacionales (4,1%).<\/strong><\/p>\n<p>&nbsp;<\/p>\n<p>Si bien las consultoras privadas estimaban una suba menor del nivel de precios respecto a octubre, con estimaciones apenas por debajo del 6%, los datos del Indec reflejaron una diferencia 1,4 puntos porcentuales, bastante m\u00e1s a lo que esperaba el mercado. TELAM.<\/p>\n","protected":false},"excerpt":{"rendered":"<p>Es el promedio del IPC informado por el INDEC. En lo que va de 2022 los precios se incrementaron un<\/p>\n","protected":false},"author":2,"featured_media":13166,"comment_status":"closed","ping_status":"closed","sticky":false,"template":"","format":"standard","meta":{"_jetpack_memberships_contains_paid_content":false,"footnotes":""},"categories":[6,1],"tags":[],"class_list":["post-72563","post","type-post","status-publish","format-standard","has-post-thumbnail","hentry","category-nacionales","category-portada"],"jetpack_featured_media_url":"https:\/\/i0.wp.com\/cdnoticias.com\/wp-content\/uploads\/2021\/02\/5ff73f8fb1140.jpg?fit=718%2C405&ssl=1","jetpack_sharing_enabled":true,"_links":{"self":[{"href":"https:\/\/cdnoticias.com\/index.php\/wp-json\/wp\/v2\/posts\/72563","targetHints":{"allow":["GET"]}}],"collection":[{"href":"https:\/\/cdnoticias.com\/index.php\/wp-json\/wp\/v2\/posts"}],"about":[{"href":"https:\/\/cdnoticias.com\/index.php\/wp-json\/wp\/v2\/types\/post"}],"author":[{"embeddable":true,"href":"https:\/\/cdnoticias.com\/index.php\/wp-json\/wp\/v2\/users\/2"}],"replies":[{"embeddable":true,"href":"https:\/\/cdnoticias.com\/index.php\/wp-json\/wp\/v2\/comments?post=72563"}],"version-history":[{"count":0,"href":"https:\/\/cdnoticias.com\/index.php\/wp-json\/wp\/v2\/posts\/72563\/revisions"}],"wp:featuredmedia":[{"embeddable":true,"href":"https:\/\/cdnoticias.com\/index.php\/wp-json\/wp\/v2\/media\/13166"}],"wp:attachment":[{"href":"https:\/\/cdnoticias.com\/index.php\/wp-json\/wp\/v2\/media?parent=72563"}],"wp:term":[{"taxonomy":"category","embeddable":true,"href":"https:\/\/cdnoticias.com\/index.php\/wp-json\/wp\/v2\/categories?post=72563"},{"taxonomy":"post_tag","embeddable":true,"href":"https:\/\/cdnoticias.com\/index.php\/wp-json\/wp\/v2\/tags?post=72563"}],"curies":[{"name":"wp","href":"https:\/\/api.w.org\/{rel}","templated":true}]}}