{"id":72521,"date":"2022-12-15T10:20:14","date_gmt":"2022-12-15T13:20:14","guid":{"rendered":"https:\/\/www.centraldenoticias.com.ar\/?p=72521"},"modified":"2022-12-15T12:07:18","modified_gmt":"2022-12-15T15:07:18","slug":"tenia-cocaina-para-vender-prision-preventiva-para-walter-gallastegui","status":"publish","type":"post","link":"https:\/\/cdnoticias.com\/index.php\/2022\/12\/15\/tenia-cocaina-para-vender-prision-preventiva-para-walter-gallastegui\/","title":{"rendered":"Ten\u00eda coca\u00edna para vender: prisi\u00f3n preventiva para Walter Gallastegui"},"content":{"rendered":"<p>Fue hallada la droga en un zanj\u00f3n frente a su casa en Villa Aurora. Estaba detenido desde el 10 de noviembre.<!--more--><\/p>\n<hr \/>\n<p>A poco m\u00e1s de <a href=\"https:\/\/cdnoticias.com\/index.php\/2022\/11\/10\/hallazgo-de-cocaina-el-aprehendido-sera-indagado-y-encontraron-mas-elementos\/\" target=\"_blank\" rel=\"noopener\">un mes de la aprehensi\u00f3n<\/a> de<strong> Walter \u201cEl Narig\u00f3n\u201d Gallastegui por el hallazgo de unos 700 gramos de coca\u00edna<\/strong> en un zanj\u00f3n frente a su casa en Villa Aurora,<strong> se dict\u00f3 la prisi\u00f3n preventiva.<\/strong><\/p>\n<p>&nbsp;<\/p>\n<p>La medida fue ordenada por el <strong>Juzgado de Garant\u00edas N\u00b0 1 de Olavarr\u00eda a cargo de Fabiana San Rom\u00e1n<\/strong> a solicitud del <strong>fiscal Lucas Moyano, titular de la UFI N\u00ba 19<\/strong>, que lleva adelante las <a href=\"https:\/\/cdnoticias.com\/index.php\/2022\/11\/10\/mas-de-700-gramos-de-cocaina-secuestrados-en-un-allanamiento-en-villa-aurora\/\" target=\"_blank\" rel=\"noopener\">averiguaciones iniciadas el mes pasado<\/a>.<\/p>\n<p>&nbsp;<\/p>\n<blockquote><p>\u201cTenencia ilegitima de estupefacientes con fines de comercializaci\u00f3n en dosis fraccionadas destinadas al consumidor&#8221; agravado por su comisi\u00f3n en inmediaciones de un establecimiento de ense\u00f1anza, centro asistencial, instituci\u00f3n deportiva, cultural o social\u201d es la acusaci\u00f3n contra Gallestegui, quien cuenta con frondosos antecedentes penales.<\/p><\/blockquote>\n<p>&nbsp;<\/p>\n<p><img data-recalc-dims=\"1\" loading=\"lazy\" decoding=\"async\" class=\"size-large wp-image-69631 aligncenter\" src=\"https:\/\/i0.wp.com\/cdnoticias.com\/wp-content\/uploads\/2022\/11\/allanamiento-lasorquideas-03.jpg?resize=800%2C480&#038;ssl=1\" alt=\"\" width=\"800\" height=\"480\" srcset=\"https:\/\/i0.wp.com\/cdnoticias.com\/wp-content\/uploads\/2022\/11\/allanamiento-lasorquideas-03-scaled.jpg?resize=1024%2C614&amp;ssl=1 1024w, https:\/\/i0.wp.com\/cdnoticias.com\/wp-content\/uploads\/2022\/11\/allanamiento-lasorquideas-03-scaled.jpg?resize=300%2C180&amp;ssl=1 300w, https:\/\/i0.wp.com\/cdnoticias.com\/wp-content\/uploads\/2022\/11\/allanamiento-lasorquideas-03-scaled.jpg?resize=768%2C461&amp;ssl=1 768w, https:\/\/i0.wp.com\/cdnoticias.com\/wp-content\/uploads\/2022\/11\/allanamiento-lasorquideas-03-scaled.jpg?resize=1536%2C922&amp;ssl=1 1536w, https:\/\/i0.wp.com\/cdnoticias.com\/wp-content\/uploads\/2022\/11\/allanamiento-lasorquideas-03-scaled.jpg?resize=2048%2C1229&amp;ssl=1 2048w, https:\/\/i0.wp.com\/cdnoticias.com\/wp-content\/uploads\/2022\/11\/allanamiento-lasorquideas-03-scaled.jpg?w=1600&amp;ssl=1 1600w, https:\/\/i0.wp.com\/cdnoticias.com\/wp-content\/uploads\/2022\/11\/allanamiento-lasorquideas-03-scaled.jpg?w=2400&amp;ssl=1 2400w\" sizes=\"auto, (max-width: 800px) 100vw, 800px\" \/><\/p>\n<p>&nbsp;<\/p>\n<p>El d\u00eda 10 de noviembre el hombre termin\u00f3 aprehendido. Personal de la SubDDI de Olavarr\u00eda realizaba un allanamiento en la vivienda del imputado,<strong> en Las Orqu\u00eddeas al 2400, cuando en un zaj\u00f3n ubicado frente a su casa, sobre la mano contraria, se hallaron ocultos unos 700 gramos de coca\u00edna.<\/strong><\/p>\n<p>&nbsp;<\/p>\n<p><strong>Inmediatamente se estableci\u00f3 la conexi\u00f3n con el propietario de la vivienda<\/strong> y adem\u00e1s, el fiscal Moyano -presente en el operativo- inform\u00f3 que dentro de la casa se secuestraron \u201cuna alta suma de dinero en efectivo, elementos que podr\u00edan ser utilizados para el pesaje, como una balanza y gomitas para el supuesto fraccionamiento\u201d. Se pudo saber que el secuestro de dinero rond\u00f3 los 100 mil pesos.<\/p>\n<p>&nbsp;<\/p>\n<p>De esa manera se configur\u00f3 la acusaci\u00f3n contra Gallastegui, para quien <a href=\"https:\/\/cdnoticias.com\/index.php\/2022\/11\/16\/se-dicto-la-detencion-para-el-acusado-en-el-hallazgo-de-cocaina-en-villa-aurora\/\" target=\"_blank\" rel=\"noopener\">se dict\u00f3 la detenci\u00f3n a mediados de noviembre<\/a> y ahora <strong>se dispuso la prisi\u00f3n preventiva con lo que llegar\u00e1 en prisi\u00f3n hasta el juicio oral de la causa.<\/strong><\/p>\n<p>&nbsp;<\/p>\n","protected":false},"excerpt":{"rendered":"<p>Fue hallada la droga en un zanj\u00f3n frente a su casa en Villa Aurora. Estaba detenido desde el 10 de<\/p>\n","protected":false},"author":4,"featured_media":69830,"comment_status":"closed","ping_status":"closed","sticky":false,"template":"","format":"standard","meta":{"_jetpack_memberships_contains_paid_content":false,"footnotes":""},"categories":[14,1],"tags":[],"class_list":["post-72521","post","type-post","status-publish","format-standard","has-post-thumbnail","hentry","category-policiales","category-portada"],"jetpack_featured_media_url":"https:\/\/i0.wp.com\/cdnoticias.com\/wp-content\/uploads\/2022\/11\/allanamiento-lasorquideas-06-scaled.jpg?fit=2560%2C1536&ssl=1","jetpack_sharing_enabled":true,"_links":{"self":[{"href":"https:\/\/cdnoticias.com\/index.php\/wp-json\/wp\/v2\/posts\/72521","targetHints":{"allow":["GET"]}}],"collection":[{"href":"https:\/\/cdnoticias.com\/index.php\/wp-json\/wp\/v2\/posts"}],"about":[{"href":"https:\/\/cdnoticias.com\/index.php\/wp-json\/wp\/v2\/types\/post"}],"author":[{"embeddable":true,"href":"https:\/\/cdnoticias.com\/index.php\/wp-json\/wp\/v2\/users\/4"}],"replies":[{"embeddable":true,"href":"https:\/\/cdnoticias.com\/index.php\/wp-json\/wp\/v2\/comments?post=72521"}],"version-history":[{"count":0,"href":"https:\/\/cdnoticias.com\/index.php\/wp-json\/wp\/v2\/posts\/72521\/revisions"}],"wp:featuredmedia":[{"embeddable":true,"href":"https:\/\/cdnoticias.com\/index.php\/wp-json\/wp\/v2\/media\/69830"}],"wp:attachment":[{"href":"https:\/\/cdnoticias.com\/index.php\/wp-json\/wp\/v2\/media?parent=72521"}],"wp:term":[{"taxonomy":"category","embeddable":true,"href":"https:\/\/cdnoticias.com\/index.php\/wp-json\/wp\/v2\/categories?post=72521"},{"taxonomy":"post_tag","embeddable":true,"href":"https:\/\/cdnoticias.com\/index.php\/wp-json\/wp\/v2\/tags?post=72521"}],"curies":[{"name":"wp","href":"https:\/\/api.w.org\/{rel}","templated":true}]}}