{"id":7248,"date":"2020-11-24T10:47:39","date_gmt":"2020-11-24T13:47:39","guid":{"rendered":"http:\/\/www.centraldenoticias.com.ar\/?p=7248"},"modified":"2020-11-24T11:26:13","modified_gmt":"2020-11-24T14:26:13","slug":"alerta-por-tormentas-fuertes-para-la-provincia-de-buenos-aires","status":"publish","type":"post","link":"https:\/\/cdnoticias.com\/index.php\/2020\/11\/24\/alerta-por-tormentas-fuertes-para-la-provincia-de-buenos-aires\/","title":{"rendered":"Alerta por tormentas fuertes para la provincia de Buenos Aires"},"content":{"rendered":"<p>As\u00ed fue detallado desde el Servicio Meteorol\u00f3gico Nacional. La advertencia alcanza a casi todo el sector centro de pa\u00eds.<\/p>\n<p><!--more--><\/p>\n<hr \/>\n<p>El pron\u00f3stico de lluvias no s\u00f3lo<a href=\"https:\/\/cdnoticias.com\/index.php\/2020\/11\/24\/ni-presidente-ni-gobernador-la-lluvia-suspendio-la-visita-de-los-mandatarios\/\" target=\"_blank\" rel=\"noopener\"> frustr\u00f3 la llegada del presidente y el gobernador a nuestra ciudad<\/a>, sino que ahora adem\u00e1s desde <strong>el Servicio Meteorol\u00f3gico Nacional se emiti\u00f3 un alerta por tormentas fuertes que alcanza a toda la provincia de Buenos Aires<\/strong>.<\/p>\n<p>&nbsp;<\/p>\n<p>As\u00ed puede verse en la comunicaci\u00f3n emitida a las 10 y que tiene una vigencia, en principio, de 6 horas. <strong>El centro y sur de C\u00f3rdoba, sur de Entre R\u00edos, centro y este de La Pampa, R\u00edo Negro, San Luis, Sur de Santa Fe y la Ciudad Aut\u00f3noma de Buenos Aires se encuentran tambi\u00e9n dentro de la denominada \u201czona de influencia\u201d del alerta.<\/strong><\/p>\n<p>&nbsp;<\/p>\n<p><img data-recalc-dims=\"1\" loading=\"lazy\" decoding=\"async\" class=\"alignnone size-full wp-image-7250\" src=\"https:\/\/i0.wp.com\/cdnoticias.com\/wp-content\/uploads\/2020\/11\/pronos-2.jpg?resize=700%2C506&#038;ssl=1\" alt=\"\" width=\"700\" height=\"506\" srcset=\"https:\/\/i0.wp.com\/cdnoticias.com\/wp-content\/uploads\/2020\/11\/pronos-2.jpg?w=700&amp;ssl=1 700w, https:\/\/i0.wp.com\/cdnoticias.com\/wp-content\/uploads\/2020\/11\/pronos-2.jpg?resize=300%2C217&amp;ssl=1 300w\" sizes=\"auto, (max-width: 700px) 100vw, 700px\" \/><\/p>\n<p>&nbsp;<\/p>\n<p>\u201cSobre el centro y sudeste de la provincia de Buenos Aires y el noreste de La Pampa ya se han registrado lluvias y tormentas de variada intensidad, estas tormentas <strong>aumentar\u00e1n su intensidad a partir de la tarde de hoy y afectar\u00e1n al sur, centro y noroeste de la provincia de Buenos Aires, sur de C\u00f3rdoba, San Luis y centro y este de La Pampa<\/strong>. No se descartan periodos con mejoramientos temporarios\u201d, se precis\u00f3 sobre la situaci\u00f3n particular de este punto del pa\u00eds.<\/p>\n<p>&nbsp;<\/p>\n<p>\u201cSe espera que las tormentas puedan ser localmente fuertes, acompa\u00f1adas por muy intensas r\u00e1fagas, ca\u00edda de granizo, abundante ca\u00edda de agua en cortos per\u00edodos e importante actividad el\u00e9ctrica. Se estiman valores de precipitaci\u00f3n acumulada entre 20 y 50 mm pudiendo ser superados localmente en particular en el centro y sur de la provincia de Buenos <strong>Aires\u201d,<\/strong> se concluy\u00f3.<\/p>\n<p>&nbsp;<\/p>\n","protected":false},"excerpt":{"rendered":"<p>As\u00ed fue detallado desde el Servicio Meteorol\u00f3gico Nacional. La advertencia alcanza a casi todo el sector centro de pa\u00eds.<\/p>\n","protected":false},"author":3,"featured_media":7249,"comment_status":"closed","ping_status":"closed","sticky":false,"template":"","format":"standard","meta":{"_jetpack_memberships_contains_paid_content":false,"footnotes":""},"categories":[5,1],"tags":[],"class_list":["post-7248","post","type-post","status-publish","format-standard","has-post-thumbnail","hentry","category-informacion-general","category-portada"],"jetpack_featured_media_url":"https:\/\/i0.wp.com\/cdnoticias.com\/wp-content\/uploads\/2020\/11\/pronos1.jpg?fit=789%2C550&ssl=1","jetpack_sharing_enabled":true,"_links":{"self":[{"href":"https:\/\/cdnoticias.com\/index.php\/wp-json\/wp\/v2\/posts\/7248","targetHints":{"allow":["GET"]}}],"collection":[{"href":"https:\/\/cdnoticias.com\/index.php\/wp-json\/wp\/v2\/posts"}],"about":[{"href":"https:\/\/cdnoticias.com\/index.php\/wp-json\/wp\/v2\/types\/post"}],"author":[{"embeddable":true,"href":"https:\/\/cdnoticias.com\/index.php\/wp-json\/wp\/v2\/users\/3"}],"replies":[{"embeddable":true,"href":"https:\/\/cdnoticias.com\/index.php\/wp-json\/wp\/v2\/comments?post=7248"}],"version-history":[{"count":0,"href":"https:\/\/cdnoticias.com\/index.php\/wp-json\/wp\/v2\/posts\/7248\/revisions"}],"wp:featuredmedia":[{"embeddable":true,"href":"https:\/\/cdnoticias.com\/index.php\/wp-json\/wp\/v2\/media\/7249"}],"wp:attachment":[{"href":"https:\/\/cdnoticias.com\/index.php\/wp-json\/wp\/v2\/media?parent=7248"}],"wp:term":[{"taxonomy":"category","embeddable":true,"href":"https:\/\/cdnoticias.com\/index.php\/wp-json\/wp\/v2\/categories?post=7248"},{"taxonomy":"post_tag","embeddable":true,"href":"https:\/\/cdnoticias.com\/index.php\/wp-json\/wp\/v2\/tags?post=7248"}],"curies":[{"name":"wp","href":"https:\/\/api.w.org\/{rel}","templated":true}]}}