{"id":72478,"date":"2022-12-14T19:56:11","date_gmt":"2022-12-14T22:56:11","guid":{"rendered":"https:\/\/www.centraldenoticias.com.ar\/?p=72478"},"modified":"2022-12-14T19:56:11","modified_gmt":"2022-12-14T22:56:11","slug":"paritarias-kicillof-convoco-a-docentes-y-estatales-para-cerrar-los-aumentos-de-2022","status":"publish","type":"post","link":"https:\/\/cdnoticias.com\/index.php\/2022\/12\/14\/paritarias-kicillof-convoco-a-docentes-y-estatales-para-cerrar-los-aumentos-de-2022\/","title":{"rendered":"Paritarias: Kicillof convoc\u00f3 a docentes y estatales para cerrar los aumentos de 2022"},"content":{"rendered":"<p>Las reuniones se realizar\u00e1n el pr\u00f3ximo martes 20 en una de las sedes del Ministerio de Trabajo bonaerense.<!--more--><\/p>\n<hr \/>\n<p><strong>El gobierno de Axel Kicillof convoc\u00f3 a los docentes y a los estatales<\/strong> de la ley 10.430 para negociar los<strong> \u00faltimos tramos de aumentos salariales de cara al cierre de 2023.<\/strong><\/p>\n<p>&nbsp;<\/p>\n<p>Los encuentros se realizar\u00e1n el <strong>pr\u00f3ximo martes 20<\/strong> en el Sal\u00f3n Paritario de la sede del Ministerio de Trabajo bonaerense, ubicada en calle 7 al 370 (La Plata), seg\u00fan le confirmaron a DIB desde los distintos sectores sindicales.<\/p>\n<p>&nbsp;<\/p>\n<p>Los <strong>estatales de la ley 10.430<\/strong> ten\u00edan pautado un \u00faltimo tramo de 14% para el mes de diciembre y<strong> llegar\u00e1n a un incremento anual del 90%<\/strong>. \u201cEse es el piso con el que esperamos sentarnos a renegociar\u201d, le dijeron desde el gremio UPCN a esta agencia.<\/p>\n<p>&nbsp;<\/p>\n<p>Entre<strong> los estatales, los auxiliares de la educaci\u00f3n<\/strong>, que representan un amplio sector, cuentan con una bonificaci\u00f3n extra por lo que<strong> cerrar\u00e1n el 2022 con un 95% de aumento.<\/strong><\/p>\n<p>&nbsp;<\/p>\n<p>En tanto, <strong>el incremento de los docentes es hasta ahora de un 94%<\/strong> (entre enero y diciembre). Por lo que ese ser\u00e1 la base de negociaci\u00f3n para el sector.<\/p>\n<p>&nbsp;<\/p>\n<p>Con una inflaci\u00f3n acumulada de enero a octubre del 76,6% (seg\u00fan el Indec), en los \u00faltimos d\u00edas <strong>el gremio docente Udocba<\/strong> hab\u00eda recordado en un comunicado que Provincia deb\u00eda convocar este mes para renegociar.<\/p>\n<p>&nbsp;<\/p>\n<p>Fuente: <em>Agencia DIB<\/em><\/p>\n<p>&nbsp;<\/p>\n","protected":false},"excerpt":{"rendered":"<p>Las reuniones se realizar\u00e1n el pr\u00f3ximo martes 20 en una de las sedes del Ministerio de Trabajo bonaerense.<\/p>\n","protected":false},"author":4,"featured_media":64266,"comment_status":"closed","ping_status":"closed","sticky":false,"template":"","format":"standard","meta":{"_jetpack_memberships_contains_paid_content":false,"footnotes":""},"categories":[6,1],"tags":[],"class_list":["post-72478","post","type-post","status-publish","format-standard","has-post-thumbnail","hentry","category-nacionales","category-portada"],"jetpack_featured_media_url":"https:\/\/i0.wp.com\/cdnoticias.com\/wp-content\/uploads\/2022\/09\/Paritarias-1068x712-1.jpg?fit=1068%2C712&ssl=1","jetpack_sharing_enabled":true,"_links":{"self":[{"href":"https:\/\/cdnoticias.com\/index.php\/wp-json\/wp\/v2\/posts\/72478","targetHints":{"allow":["GET"]}}],"collection":[{"href":"https:\/\/cdnoticias.com\/index.php\/wp-json\/wp\/v2\/posts"}],"about":[{"href":"https:\/\/cdnoticias.com\/index.php\/wp-json\/wp\/v2\/types\/post"}],"author":[{"embeddable":true,"href":"https:\/\/cdnoticias.com\/index.php\/wp-json\/wp\/v2\/users\/4"}],"replies":[{"embeddable":true,"href":"https:\/\/cdnoticias.com\/index.php\/wp-json\/wp\/v2\/comments?post=72478"}],"version-history":[{"count":0,"href":"https:\/\/cdnoticias.com\/index.php\/wp-json\/wp\/v2\/posts\/72478\/revisions"}],"wp:featuredmedia":[{"embeddable":true,"href":"https:\/\/cdnoticias.com\/index.php\/wp-json\/wp\/v2\/media\/64266"}],"wp:attachment":[{"href":"https:\/\/cdnoticias.com\/index.php\/wp-json\/wp\/v2\/media?parent=72478"}],"wp:term":[{"taxonomy":"category","embeddable":true,"href":"https:\/\/cdnoticias.com\/index.php\/wp-json\/wp\/v2\/categories?post=72478"},{"taxonomy":"post_tag","embeddable":true,"href":"https:\/\/cdnoticias.com\/index.php\/wp-json\/wp\/v2\/tags?post=72478"}],"curies":[{"name":"wp","href":"https:\/\/api.w.org\/{rel}","templated":true}]}}