{"id":7240,"date":"2020-11-24T09:34:24","date_gmt":"2020-11-24T12:34:24","guid":{"rendered":"http:\/\/www.centraldenoticias.com.ar\/?p=7240"},"modified":"2020-11-24T09:34:24","modified_gmt":"2020-11-24T12:34:24","slug":"la-asamblea-por-la-vivienda-emitio-una-carta-abierta-al-presidente-y-el-gobernador","status":"publish","type":"post","link":"https:\/\/cdnoticias.com\/index.php\/2020\/11\/24\/la-asamblea-por-la-vivienda-emitio-una-carta-abierta-al-presidente-y-el-gobernador\/","title":{"rendered":"La Asamblea por la Vivienda emiti\u00f3 una \u201ccarta abierta\u201d al presidente y el gobernador"},"content":{"rendered":"<p>Tras la suspensi\u00f3n, se decidi\u00f3 hacerla p\u00fablica: denunciaron la falta de plan de viviendas en Olavarr\u00eda, pidieron la aplicaci\u00f3n del Impuesto a la Piedra en este tema, y buscan conocer cu\u00e1les son los terrenos fiscales locales, provinciales y nacionales.<!--more--><\/p>\n<hr \/>\n<p>En la ma\u00f1ana de este martes, y en la previa de la trunca llegada del presidente y el gobernador, <strong>la Asamblea por la Vivienda emiti\u00f3 una \u201ccarta abierta\u201d para denunciar la \u201cgrave crisis\u201d habitacional en la ciudad.<\/strong><\/p>\n<p>&nbsp;<\/p>\n<p><em>\u201cSostenemos que una sociedad bien organizada debe tener la salud, la educaci\u00f3n, el trabajo y la vivienda como prioridad\u201d<\/em> indicaron y denunciaron que en Olavarr\u00eda <em>\u201chace a\u00f1os que no existe un Plan de Viviendas, ni desde el municipio, ni Provincia, ni Naci\u00f3n\u201d.<\/em><\/p>\n<p>&nbsp;<\/p>\n<p>Pidieron <em>\u201cprestar atenci\u00f3n a este problema crucial para la vida de muchas familias\u201d.<\/em> En este sentido, se\u00f1alaron que el Partido cuenta con la Tasa por Explotacion de Cantera, que se origin\u00f3 <em>\u201cpara dar progreso a nuestro pueblo\u201d. Sin embargo, denunciaron que \u201cla municipalidad lo tiene entre sus gastos corrientes. Esto es un desprop\u00f3sito teniendo en cuenta la necesidad de viviendas que hay y que habr\u00e1\u201d.<\/em><\/p>\n<p>&nbsp;<\/p>\n<p>Pidieron, en tanto, <em>\u201cdestinar ese recurso extraordinario para un inmediato Plan de Viviendas. Y lo mismo para el Instituto de la Vivienda de la Provincia. Queremos denunciar ante ustedes que en el presupuesto municipal para el a\u00f1o que viene la intendencia destinar\u00e1 menos del 1% del presupuesto a la construcci\u00f3n de viviendas. Planean 40 viviendas \u00a1para tres a\u00f1os! Y lo mismo har\u00e1 la provincia que anunci\u00f3 la terminaci\u00f3n de solo 32 viviendas, todas de dudosa ejecuci\u00f3n\u201d.<\/em><\/p>\n<p>&nbsp;<\/p>\n<p>Se preguntaron, a su vez, sobre lotes y terrenos fiscales: <em>\u201c\u00bfd\u00f3nde est\u00e1n? \u00bfY cu\u00e1ntos se pondr\u00e1n a disposici\u00f3n de trabajadores sin techo propio? \u00a1Lo mismo para la Provincia y la Naci\u00f3n! Tenemos planes para la autoconstrucci\u00f3n de viviendas y otras propuestas y alternativas m\u00e1s. Por eso estamos a su disposici\u00f3n para reunirnos a la brevedad con funcionarios de las \u00e1reas que tengan la responsabilidad de ejecuci\u00f3n de viviendas para present\u00e1rselas\u201d.<\/em><\/p>\n<p>&nbsp;<\/p>\n<blockquote><p>\u201cDe ustedes depende tener en cuenta nuestra lucha, que seguir\u00e1 hasta que ning\u00fan vecino o vecina sufra el flagelo de quedar en situaci\u00f3n de calle por no poder pagar el alquiler o por perder el trabajo y no poder pagarlo\u201d.<\/p><\/blockquote>\n<p>&nbsp;<\/p>\n<p>Cerraron, finalmente, pidiendo que<em> \u201cescuchen este reclamo, cada vez m\u00e1s necesario y urgente. Quedamos a disposici\u00f3n de colaborar en resolver el problema habitacional\u201d.<\/em><\/p>\n","protected":false},"excerpt":{"rendered":"<p>Tras la suspensi\u00f3n, se decidi\u00f3 hacerla p\u00fablica: denunciaron la falta de plan de viviendas en Olavarr\u00eda, pidieron la aplicaci\u00f3n del<\/p>\n","protected":false},"author":2,"featured_media":7241,"comment_status":"closed","ping_status":"closed","sticky":false,"template":"","format":"standard","meta":{"_jetpack_memberships_contains_paid_content":false,"footnotes":""},"categories":[4,1],"tags":[],"class_list":["post-7240","post","type-post","status-publish","format-standard","has-post-thumbnail","hentry","category-politica","category-portada"],"jetpack_featured_media_url":"https:\/\/i0.wp.com\/cdnoticias.com\/wp-content\/uploads\/2020\/11\/Foto-Asamblea.jpg?fit=1280%2C960&ssl=1","jetpack_sharing_enabled":true,"_links":{"self":[{"href":"https:\/\/cdnoticias.com\/index.php\/wp-json\/wp\/v2\/posts\/7240","targetHints":{"allow":["GET"]}}],"collection":[{"href":"https:\/\/cdnoticias.com\/index.php\/wp-json\/wp\/v2\/posts"}],"about":[{"href":"https:\/\/cdnoticias.com\/index.php\/wp-json\/wp\/v2\/types\/post"}],"author":[{"embeddable":true,"href":"https:\/\/cdnoticias.com\/index.php\/wp-json\/wp\/v2\/users\/2"}],"replies":[{"embeddable":true,"href":"https:\/\/cdnoticias.com\/index.php\/wp-json\/wp\/v2\/comments?post=7240"}],"version-history":[{"count":0,"href":"https:\/\/cdnoticias.com\/index.php\/wp-json\/wp\/v2\/posts\/7240\/revisions"}],"wp:featuredmedia":[{"embeddable":true,"href":"https:\/\/cdnoticias.com\/index.php\/wp-json\/wp\/v2\/media\/7241"}],"wp:attachment":[{"href":"https:\/\/cdnoticias.com\/index.php\/wp-json\/wp\/v2\/media?parent=7240"}],"wp:term":[{"taxonomy":"category","embeddable":true,"href":"https:\/\/cdnoticias.com\/index.php\/wp-json\/wp\/v2\/categories?post=7240"},{"taxonomy":"post_tag","embeddable":true,"href":"https:\/\/cdnoticias.com\/index.php\/wp-json\/wp\/v2\/tags?post=7240"}],"curies":[{"name":"wp","href":"https:\/\/api.w.org\/{rel}","templated":true}]}}