{"id":7237,"date":"2020-11-24T16:20:11","date_gmt":"2020-11-24T19:20:11","guid":{"rendered":"http:\/\/www.centraldenoticias.com.ar\/?p=7237"},"modified":"2020-11-24T16:20:11","modified_gmt":"2020-11-24T19:20:11","slug":"abrio-la-preinscripcion-para-jardines-maternales-municipales","status":"publish","type":"post","link":"https:\/\/cdnoticias.com\/index.php\/2020\/11\/24\/abrio-la-preinscripcion-para-jardines-maternales-municipales\/","title":{"rendered":"Abri\u00f3 la preinscripci\u00f3n para Jardines Maternales Municipales"},"content":{"rendered":"<p><span style=\"color: #000080;\"><span lang=\"zxx\"><span style=\"color: #000000;\"><span lang=\"es-ES\">Comenz\u00f3 este martes y se extiende hasta el 4 de diciembre. Los interesados deben comunicarse telef\u00f3nicamente a cada establecimiento. Los tel\u00e9fonos y direcciones.<\/span><\/span><\/span><\/span><\/p>\n<hr \/>\n<p><!--more--><\/p>\n<p><span style=\"color: #000080;\"><span lang=\"zxx\"><span style=\"color: #000000;\"><span lang=\"es-ES\">Desde este martes y hasta el viernes 4 de diciembre se realizar\u00e1 la preinscripci\u00f3n para el ciclo lectivo 2021 de los Jardines Maternales Municipales. As\u00ed lo inform\u00f3 la Subsecretar\u00eda de Desarrollo Social municipal.<\/span><\/span><\/span><\/span><\/p>\n<p><span style=\"color: #000080;\"><span style=\"color: #000000;\">\u201c<span lang=\"zxx\"><span lang=\"es-ES\">La convocatoria est\u00e1 destinada, en una primera instancia, a ni\u00f1os y ni\u00f1as en situaci\u00f3n de vulnerabilidad, con carnet condici\u00f3n 1 del Hospital, derivados del Servicio Local, Hogares Municipales e hijos de los empleados municipales\u201d se indic\u00f3.<\/span><\/span><\/span><\/span><\/p>\n<p><span style=\"color: #000080;\"><span lang=\"zxx\"><span style=\"color: #000000;\"><span lang=\"es-ES\">Los interesados pueden asesorarse telef\u00f3nicamente de lunes a viernes de 8 a 12 horas en cada Jard\u00edn Maternal, excepto los de Sierra Bayas y Sierra Chica hasta donde deber\u00e1n acercarse en los mismos horarios y d\u00edas.<\/span><\/span><\/span><\/span><\/p>\n<p><span style=\"color: #000080;\"><span lang=\"zxx\"><span style=\"color: #000000;\"><span lang=\"es-ES\">Olavarr\u00eda ciudad cuenta con 12 Jardines Maternales Municipales, distribuidos en los Servicios Municipales Territoriales. \u201cAll\u00ed se pretende fortalecer el v\u00ednculo integral del ni\u00f1o con sus familias teniendo en cuenta la subjetividad de los mismos, cuidando y acompa\u00f1ando a los ni\u00f1os desde los 45 d\u00edas hasta los 3 a\u00f1os de edad\u201d se record\u00f3.<\/span><\/span><\/span><\/span><\/p>\n<p><span style=\"color: #000080;\"><span lang=\"zxx\"><span style=\"color: #000000;\"><span lang=\"es-ES\">Los establecimientos<\/span><\/span><\/span><\/span><\/p>\n<p><span style=\"color: #000080;\"><span lang=\"zxx\"><span style=\"color: #000000;\"><span lang=\"es-ES\">Jard\u00edn Maternal Municipal \u201cRayito de Sol\u201d, Tacuar\u00ed 3661, Tel\u00e9fono: 456623.<\/span><\/span><\/span><\/span><\/p>\n<p><span style=\"color: #000080;\"><span lang=\"zxx\"><span style=\"color: #000000;\"><span lang=\"es-ES\">Jard\u00edn Maternal Municipal \u201cMi Casita\u201d, Alberdi 2555, Tel\u00e9fono: 456418.<\/span><\/span><\/span><\/span><\/p>\n<p><span style=\"color: #000080;\"><span lang=\"zxx\"><span style=\"color: #000000;\"><span lang=\"es-ES\">Jard\u00edn Maternal Municipal \u201cPapa Francisco\u201d, Collinet 1642, Tel\u00e9fono 419611.<\/span><\/span><\/span><\/span><\/p>\n<p><span style=\"color: #000080;\"><span lang=\"zxx\"><span style=\"color: #000000;\"><span lang=\"es-ES\">Jard\u00edn Maternal Municipal \u201cArco Iris\u201d, Rufino Fal y Beruti, Tel\u00e9fono: 424098.<\/span><\/span><\/span><\/span><\/p>\n<p><span style=\"color: #000080;\"><span lang=\"zxx\"><span style=\"color: #000000;\"><span lang=\"es-ES\">Jard\u00edn Maternal Municipal \u201cEl Hornerito\u201d, Mendoza y Balcarce, Tel\u00e9fono: 450031.<\/span><\/span><\/span><\/span><\/p>\n<p><span style=\"color: #000080;\"><span lang=\"zxx\"><span style=\"color: #000000;\"><span lang=\"es-ES\">Jard\u00edn Maternal Municipal \u201cLos Ni\u00f1os Primero\u201d, Dorrego 6105, Tel\u00e9fono: 421404.<\/span><\/span><\/span><\/span><\/p>\n<p><span style=\"color: #000080;\"><span lang=\"zxx\"><span style=\"color: #000000;\"><span lang=\"es-ES\">Jard\u00edn Maternal Municipal \u201cPiruetas\u201d, CIC, Barrio Facundo Quiroga II, Tel\u00e9fono: 450053.<\/span><\/span><\/span><\/span><\/p>\n<p><span style=\"color: #000080;\"><span lang=\"zxx\"><span style=\"color: #000000;\"><span lang=\"es-ES\">Jard\u00edn Maternal Municipal \u201cLucerito\u201d, Pringles y Giovanelli, Tel\u00e9fono: 421039.<\/span><\/span><\/span><\/span><\/p>\n<p><span style=\"color: #000080;\"><span lang=\"zxx\"><span style=\"color: #000000;\"><span lang=\"es-ES\">Jard\u00edn Maternal Municipal \u201cPrincipito\u201d, 9 de Julio y Grimaldi, Tel\u00e9fono: 420638.<\/span><\/span><\/span><\/span><\/p>\n<p><span style=\"color: #000080;\"><span lang=\"zxx\"><span style=\"color: #000000;\"><span lang=\"es-ES\">Jard\u00edn Maternal Municipal \u201cRinc\u00f3n Feliz\u201d, Trabajadores y Alberdi, Tel\u00e9fono: 455981.<\/span><\/span><\/span><\/span><\/p>\n<p><span style=\"color: #000080;\"><span lang=\"zxx\"><span style=\"color: #000000;\"><span lang=\"es-ES\">Sierras Bayas: Jard\u00edn Maternal Municipal \u201cGotitas de Roc\u00edo\u201d, San Mart\u00edn 1732.<\/span><\/span><\/span><\/span><\/p>\n<p><span style=\"color: #000080;\"><span lang=\"zxx\"><span style=\"color: #000000;\"><span lang=\"es-ES\">Sierra Chica: Jard\u00edn Maternal Municipal \u201cColores\u201d, Cayr\u00fa Maip\u00fa 1266.<\/span><\/span><\/span><\/span><\/p>\n","protected":false},"excerpt":{"rendered":"<p>Comenz\u00f3 este martes y se extiende hasta el 4 de diciembre. Los interesados deben comunicarse telef\u00f3nicamente a cada establecimiento. Los<\/p>\n","protected":false},"author":4,"featured_media":7238,"comment_status":"closed","ping_status":"closed","sticky":false,"template":"","format":"standard","meta":{"_jetpack_memberships_contains_paid_content":false,"footnotes":""},"categories":[5,1],"tags":[],"class_list":["post-7237","post","type-post","status-publish","format-standard","has-post-thumbnail","hentry","category-informacion-general","category-portada"],"jetpack_featured_media_url":"https:\/\/i0.wp.com\/cdnoticias.com\/wp-content\/uploads\/2020\/11\/Jardines-Maternales-3-1024x576.jpg?fit=1024%2C576&ssl=1","jetpack_sharing_enabled":true,"_links":{"self":[{"href":"https:\/\/cdnoticias.com\/index.php\/wp-json\/wp\/v2\/posts\/7237","targetHints":{"allow":["GET"]}}],"collection":[{"href":"https:\/\/cdnoticias.com\/index.php\/wp-json\/wp\/v2\/posts"}],"about":[{"href":"https:\/\/cdnoticias.com\/index.php\/wp-json\/wp\/v2\/types\/post"}],"author":[{"embeddable":true,"href":"https:\/\/cdnoticias.com\/index.php\/wp-json\/wp\/v2\/users\/4"}],"replies":[{"embeddable":true,"href":"https:\/\/cdnoticias.com\/index.php\/wp-json\/wp\/v2\/comments?post=7237"}],"version-history":[{"count":0,"href":"https:\/\/cdnoticias.com\/index.php\/wp-json\/wp\/v2\/posts\/7237\/revisions"}],"wp:featuredmedia":[{"embeddable":true,"href":"https:\/\/cdnoticias.com\/index.php\/wp-json\/wp\/v2\/media\/7238"}],"wp:attachment":[{"href":"https:\/\/cdnoticias.com\/index.php\/wp-json\/wp\/v2\/media?parent=7237"}],"wp:term":[{"taxonomy":"category","embeddable":true,"href":"https:\/\/cdnoticias.com\/index.php\/wp-json\/wp\/v2\/categories?post=7237"},{"taxonomy":"post_tag","embeddable":true,"href":"https:\/\/cdnoticias.com\/index.php\/wp-json\/wp\/v2\/tags?post=7237"}],"curies":[{"name":"wp","href":"https:\/\/api.w.org\/{rel}","templated":true}]}}