{"id":72332,"date":"2022-12-13T09:01:50","date_gmt":"2022-12-13T12:01:50","guid":{"rendered":"https:\/\/www.centraldenoticias.com.ar\/?p=72332"},"modified":"2022-12-13T09:33:15","modified_gmt":"2022-12-13T12:33:15","slug":"el-massismo-local-hizo-un-cierre-de-ano-y-apunto-a-la-gestion-municipal","status":"publish","type":"post","link":"https:\/\/cdnoticias.com\/index.php\/2022\/12\/13\/el-massismo-local-hizo-un-cierre-de-ano-y-apunto-a-la-gestion-municipal\/","title":{"rendered":"El massismo local hizo un cierre de a\u00f1o y apunt\u00f3 a la gesti\u00f3n municipal"},"content":{"rendered":"<p>En el sal\u00f3n de AOMA se hicieron presentes los principales dirigentes del Frente de Todos local. El recuerdo de Helios Eseverri, cr\u00edticas a Ezequiel Galli y el a\u00f1o electoral en el horizonte.<\/p>\n<p><!--more--><\/p>\n<hr \/>\n<p><strong>El Foro Olavarr\u00eda \u2013 Frente Renovador realiz\u00f3 este lunes por la noche un acto de cierre de a\u00f1o<\/strong> en el que se hicieron presentes los <em>principales dirigentes del Frente de Todos local, hubo un encendido recuerdo de la gesti\u00f3n de Helios Eseverri, cr\u00edticas a Ezequiel Galli y qued\u00f3 en la mira el a\u00f1o electoral que se acerca<\/em>.<\/p>\n<p>&nbsp;<\/p>\n<p>El encuentro en la sede de AOMA fue encabezado por el referente local del massismo, <strong>Eduardo Rodr\u00edguez, y los concejales In\u00e9s Creimer y Gast\u00f3n Sarachu<\/strong>. A su vez, estuvieron presentes el <em>diputado provincial C\u00e9sar Valicenti, el subsecretario de Miner\u00eda Federico Aguilera, el dirigente del CECO y funcionario provincial Guillermo Santellan, el titular de la Regi\u00f3n Sanitaria IX Ramiro Borzi, la concejal Telma Cazot y el consejero escolar Ariel Rodr\u00edguez. Asimismo, asisti\u00f3 el referente seccional del Frente Renovador, el saladillense Ricardo Lissalde<\/em>.<\/p>\n<p>&nbsp;<\/p>\n<p><img data-recalc-dims=\"1\" loading=\"lazy\" decoding=\"async\" class=\"size-large wp-image-72328 aligncenter\" src=\"https:\/\/i0.wp.com\/cdnoticias.com\/wp-content\/uploads\/2022\/12\/foro-olavarria-04.jpg?resize=800%2C445&#038;ssl=1\" alt=\"\" width=\"800\" height=\"445\" srcset=\"https:\/\/i0.wp.com\/cdnoticias.com\/wp-content\/uploads\/2022\/12\/foro-olavarria-04-scaled.jpg?resize=1024%2C570&amp;ssl=1 1024w, https:\/\/i0.wp.com\/cdnoticias.com\/wp-content\/uploads\/2022\/12\/foro-olavarria-04-scaled.jpg?resize=300%2C167&amp;ssl=1 300w, https:\/\/i0.wp.com\/cdnoticias.com\/wp-content\/uploads\/2022\/12\/foro-olavarria-04-scaled.jpg?resize=768%2C427&amp;ssl=1 768w, https:\/\/i0.wp.com\/cdnoticias.com\/wp-content\/uploads\/2022\/12\/foro-olavarria-04-scaled.jpg?resize=1536%2C854&amp;ssl=1 1536w, https:\/\/i0.wp.com\/cdnoticias.com\/wp-content\/uploads\/2022\/12\/foro-olavarria-04-scaled.jpg?resize=2048%2C1139&amp;ssl=1 2048w, https:\/\/i0.wp.com\/cdnoticias.com\/wp-content\/uploads\/2022\/12\/foro-olavarria-04-scaled.jpg?resize=800%2C445&amp;ssl=1 800w, https:\/\/i0.wp.com\/cdnoticias.com\/wp-content\/uploads\/2022\/12\/foro-olavarria-04-scaled.jpg?w=1600&amp;ssl=1 1600w, https:\/\/i0.wp.com\/cdnoticias.com\/wp-content\/uploads\/2022\/12\/foro-olavarria-04-scaled.jpg?w=2400&amp;ssl=1 2400w\" sizes=\"auto, (max-width: 800px) 100vw, 800px\" \/><\/p>\n<p>&nbsp;<\/p>\n<p>El inicio de la jornada fue con dos audiovisuales. Uno de <strong>Los Profes Rockers<\/strong>, lanzado oficialmente en el marco del aniversario de la fundaci\u00f3n de Olavarr\u00eda, y otro del <strong>repaso de la actividad legislativa y del Foro durante 2022<\/strong>.<\/p>\n<p>&nbsp;<\/p>\n<p>Tras mostrar la actividad del bloque Foro Olavarr\u00eda en el HCD, puntos territoriales, Potenciar Trabajo, gestiones en el Ministerio de Trabajo y CNRT, entre otras, el cierre fue con el slogan <strong>&#8220;Amor por Olavarria&#8221;<\/strong>.<\/p>\n<p>&nbsp;<\/p>\n<p><img data-recalc-dims=\"1\" loading=\"lazy\" decoding=\"async\" class=\"size-large wp-image-72329 aligncenter\" src=\"https:\/\/i0.wp.com\/cdnoticias.com\/wp-content\/uploads\/2022\/12\/foro-olavarria-05.jpg?resize=800%2C445&#038;ssl=1\" alt=\"\" width=\"800\" height=\"445\" srcset=\"https:\/\/i0.wp.com\/cdnoticias.com\/wp-content\/uploads\/2022\/12\/foro-olavarria-05-scaled.jpg?resize=1024%2C570&amp;ssl=1 1024w, https:\/\/i0.wp.com\/cdnoticias.com\/wp-content\/uploads\/2022\/12\/foro-olavarria-05-scaled.jpg?resize=300%2C167&amp;ssl=1 300w, https:\/\/i0.wp.com\/cdnoticias.com\/wp-content\/uploads\/2022\/12\/foro-olavarria-05-scaled.jpg?resize=768%2C427&amp;ssl=1 768w, https:\/\/i0.wp.com\/cdnoticias.com\/wp-content\/uploads\/2022\/12\/foro-olavarria-05-scaled.jpg?resize=1536%2C855&amp;ssl=1 1536w, https:\/\/i0.wp.com\/cdnoticias.com\/wp-content\/uploads\/2022\/12\/foro-olavarria-05-scaled.jpg?resize=2048%2C1140&amp;ssl=1 2048w, https:\/\/i0.wp.com\/cdnoticias.com\/wp-content\/uploads\/2022\/12\/foro-olavarria-05-scaled.jpg?resize=800%2C445&amp;ssl=1 800w, https:\/\/i0.wp.com\/cdnoticias.com\/wp-content\/uploads\/2022\/12\/foro-olavarria-05-scaled.jpg?w=1600&amp;ssl=1 1600w, https:\/\/i0.wp.com\/cdnoticias.com\/wp-content\/uploads\/2022\/12\/foro-olavarria-05-scaled.jpg?w=2400&amp;ssl=1 2400w\" sizes=\"auto, (max-width: 800px) 100vw, 800px\" \/><\/p>\n<p>&nbsp;<\/p>\n<p>Luego, brind\u00f3 un breve discurso <strong>Lissalde quien plante\u00f3 \u201cel desaf\u00edo de Olavarr\u00eda de recuperar el Municipio e integrarlo al proyecto nacional\u201d<\/strong> para las elecciones generales del a\u00f1o pr\u00f3ximo.<\/p>\n<p>&nbsp;<\/p>\n<p>El \u00faltimo orador fue <strong>Eduardo Rodr\u00edguez<\/strong>, quien resalt\u00f3 la presencia de <strong>\u201cla mesa local del Frente de Todos\u201d<\/strong> en el acto, lo que defini\u00f3 como \u201cun paso grande\u201d.<\/p>\n<p>&nbsp;<\/p>\n<p>En referencia a la actividad de Foro Olavarr\u00eda y todos los asistentes al acto, el dirigente tuvo en cuenta que las propuestas \u201chan generado relaciones distintas\u201d y les agradeci\u00f3 \u201cpor cruzar esa barrera y compartir tambi\u00e9n un acto pol\u00edtico, cuando nos une el trabajo diario\u201d.<\/p>\n<p>&nbsp;<\/p>\n<p><img data-recalc-dims=\"1\" loading=\"lazy\" decoding=\"async\" class=\"size-large wp-image-72327 aligncenter\" src=\"https:\/\/i0.wp.com\/cdnoticias.com\/wp-content\/uploads\/2022\/12\/foro-olavarria-03.jpg?resize=800%2C445&#038;ssl=1\" alt=\"\" width=\"800\" height=\"445\" srcset=\"https:\/\/i0.wp.com\/cdnoticias.com\/wp-content\/uploads\/2022\/12\/foro-olavarria-03-scaled.jpg?resize=1024%2C570&amp;ssl=1 1024w, https:\/\/i0.wp.com\/cdnoticias.com\/wp-content\/uploads\/2022\/12\/foro-olavarria-03-scaled.jpg?resize=300%2C167&amp;ssl=1 300w, https:\/\/i0.wp.com\/cdnoticias.com\/wp-content\/uploads\/2022\/12\/foro-olavarria-03-scaled.jpg?resize=768%2C427&amp;ssl=1 768w, https:\/\/i0.wp.com\/cdnoticias.com\/wp-content\/uploads\/2022\/12\/foro-olavarria-03-scaled.jpg?resize=1536%2C855&amp;ssl=1 1536w, https:\/\/i0.wp.com\/cdnoticias.com\/wp-content\/uploads\/2022\/12\/foro-olavarria-03-scaled.jpg?resize=2048%2C1140&amp;ssl=1 2048w, https:\/\/i0.wp.com\/cdnoticias.com\/wp-content\/uploads\/2022\/12\/foro-olavarria-03-scaled.jpg?resize=800%2C445&amp;ssl=1 800w, https:\/\/i0.wp.com\/cdnoticias.com\/wp-content\/uploads\/2022\/12\/foro-olavarria-03-scaled.jpg?w=1600&amp;ssl=1 1600w, https:\/\/i0.wp.com\/cdnoticias.com\/wp-content\/uploads\/2022\/12\/foro-olavarria-03-scaled.jpg?w=2400&amp;ssl=1 2400w\" sizes=\"auto, (max-width: 800px) 100vw, 800px\" \/><\/p>\n<p>&nbsp;<\/p>\n<p>M\u00e1s adelante destac\u00f3 la figura de <strong>Sergio Massa<\/strong> y su asunci\u00f3n en el Ministerio de Econom\u00eda \u2013 \u201cde las responsabilidades m\u00e1s dif\u00edciles\u201d dijo- e hizo un balance breve de la gesti\u00f3n nacional y provincial del Frente de Todos.<\/p>\n<p>&nbsp;<\/p>\n<blockquote><p>\u201cTenemos el compromiso de trabajar por una Olavarr\u00eda distinta, con un proyecto de desarrollo de verdad en la ciudad y las localidades y que responda la demanda de los olavarrienses\u201d defini\u00f3 en el plano local para criticar que el Municipio tiene \u201cuna gesti\u00f3n mala\u201d. Se\u00f1al\u00f3 como \u201cejemplo\u201d la propuesta del Frente Renovador de crear el Fondo Senador Lara para decir que \u201cel Intendente no ten\u00eda proyecto a futuro\u201d. \u201cEra hacer un trabajo hacia dentro del Municipio, poner orden, revisar gastos que hace la comuna, y como tiene esa bolsa de plata a la que acude cada vez que gobierna mal, no quisieron afectar el fondo\u201d se quej\u00f3 en referencia al Impuesto a la Piedra.<\/p><\/blockquote>\n<p>&nbsp;<\/p>\n<p><img data-recalc-dims=\"1\" loading=\"lazy\" decoding=\"async\" class=\"size-large wp-image-72326 aligncenter\" src=\"https:\/\/i0.wp.com\/cdnoticias.com\/wp-content\/uploads\/2022\/12\/foro-olavarria-02.jpg?resize=800%2C445&#038;ssl=1\" alt=\"\" width=\"800\" height=\"445\" srcset=\"https:\/\/i0.wp.com\/cdnoticias.com\/wp-content\/uploads\/2022\/12\/foro-olavarria-02-scaled.jpg?resize=1024%2C570&amp;ssl=1 1024w, https:\/\/i0.wp.com\/cdnoticias.com\/wp-content\/uploads\/2022\/12\/foro-olavarria-02-scaled.jpg?resize=300%2C167&amp;ssl=1 300w, https:\/\/i0.wp.com\/cdnoticias.com\/wp-content\/uploads\/2022\/12\/foro-olavarria-02-scaled.jpg?resize=768%2C427&amp;ssl=1 768w, https:\/\/i0.wp.com\/cdnoticias.com\/wp-content\/uploads\/2022\/12\/foro-olavarria-02-scaled.jpg?resize=1536%2C855&amp;ssl=1 1536w, https:\/\/i0.wp.com\/cdnoticias.com\/wp-content\/uploads\/2022\/12\/foro-olavarria-02-scaled.jpg?resize=2048%2C1140&amp;ssl=1 2048w, https:\/\/i0.wp.com\/cdnoticias.com\/wp-content\/uploads\/2022\/12\/foro-olavarria-02-scaled.jpg?resize=800%2C445&amp;ssl=1 800w, https:\/\/i0.wp.com\/cdnoticias.com\/wp-content\/uploads\/2022\/12\/foro-olavarria-02-scaled.jpg?w=1600&amp;ssl=1 1600w, https:\/\/i0.wp.com\/cdnoticias.com\/wp-content\/uploads\/2022\/12\/foro-olavarria-02-scaled.jpg?w=2400&amp;ssl=1 2400w\" sizes=\"auto, (max-width: 800px) 100vw, 800px\" \/><\/p>\n<p>&nbsp;<\/p>\n<p>Pidi\u00f3<strong> \u201crecuperar valores como el orden en el trabajo municipal\u201d<\/strong>, \u201cun intendente que trabaje al menos 14 horas por d\u00eda\u201d, critic\u00f3 la gesti\u00f3n del Hospital Municipal y afirm\u00f3 que \u201cno son los trabajadores, es la gesti\u00f3n\u201d. En cada tema, mencion\u00f3 como ejemplo las <strong>acciones y valores de Helios Eseverri<\/strong>.<\/p>\n<p>&nbsp;<\/p>\n<p>En el cierre <strong>pidi\u00f3 \u201cvolver a pensar un proyecto de ciudad, ver para d\u00f3nde crece la planta urbana\u201d<\/strong> y con ello apunt\u00f3 al objetivo electoral del a\u00f1o pr\u00f3ximo.<\/p>\n<p>&nbsp;<\/p>\n","protected":false},"excerpt":{"rendered":"<p>En el sal\u00f3n de AOMA se hicieron presentes los principales dirigentes del Frente de Todos local. El recuerdo de Helios<\/p>\n","protected":false},"author":4,"featured_media":72325,"comment_status":"closed","ping_status":"closed","sticky":false,"template":"","format":"standard","meta":{"_jetpack_memberships_contains_paid_content":false,"footnotes":""},"categories":[4,1],"tags":[],"class_list":["post-72332","post","type-post","status-publish","format-standard","has-post-thumbnail","hentry","category-politica","category-portada"],"jetpack_featured_media_url":"https:\/\/i0.wp.com\/cdnoticias.com\/wp-content\/uploads\/2022\/12\/foro-olavarria-01-scaled.jpg?fit=2560%2C1424&ssl=1","jetpack_sharing_enabled":true,"_links":{"self":[{"href":"https:\/\/cdnoticias.com\/index.php\/wp-json\/wp\/v2\/posts\/72332","targetHints":{"allow":["GET"]}}],"collection":[{"href":"https:\/\/cdnoticias.com\/index.php\/wp-json\/wp\/v2\/posts"}],"about":[{"href":"https:\/\/cdnoticias.com\/index.php\/wp-json\/wp\/v2\/types\/post"}],"author":[{"embeddable":true,"href":"https:\/\/cdnoticias.com\/index.php\/wp-json\/wp\/v2\/users\/4"}],"replies":[{"embeddable":true,"href":"https:\/\/cdnoticias.com\/index.php\/wp-json\/wp\/v2\/comments?post=72332"}],"version-history":[{"count":0,"href":"https:\/\/cdnoticias.com\/index.php\/wp-json\/wp\/v2\/posts\/72332\/revisions"}],"wp:featuredmedia":[{"embeddable":true,"href":"https:\/\/cdnoticias.com\/index.php\/wp-json\/wp\/v2\/media\/72325"}],"wp:attachment":[{"href":"https:\/\/cdnoticias.com\/index.php\/wp-json\/wp\/v2\/media?parent=72332"}],"wp:term":[{"taxonomy":"category","embeddable":true,"href":"https:\/\/cdnoticias.com\/index.php\/wp-json\/wp\/v2\/categories?post=72332"},{"taxonomy":"post_tag","embeddable":true,"href":"https:\/\/cdnoticias.com\/index.php\/wp-json\/wp\/v2\/tags?post=72332"}],"curies":[{"name":"wp","href":"https:\/\/api.w.org\/{rel}","templated":true}]}}