{"id":72330,"date":"2022-12-13T08:32:27","date_gmt":"2022-12-13T11:32:27","guid":{"rendered":"https:\/\/www.centraldenoticias.com.ar\/?p=72330"},"modified":"2022-12-13T08:32:27","modified_gmt":"2022-12-13T11:32:27","slug":"diputados-se-refirieron-al-proyecto-de-moratoria-previsional","status":"publish","type":"post","link":"https:\/\/cdnoticias.com\/index.php\/2022\/12\/13\/diputados-se-refirieron-al-proyecto-de-moratoria-previsional\/","title":{"rendered":"Diputados se refirieron al proyecto de moratoria previsional"},"content":{"rendered":"<p>Se expresaron en relaci\u00f3n a la propuesta de plan de pago para personas con edad de jubilarse pero que no hayan alcanzado la regularidad en sus aportes seg\u00fan lo establece la Ley.<!--more--><\/p>\n<hr \/>\n<p>La C\u00e1mara baja, cuya presidenta es Cecilia Moreau, tiene entre sus proyectos pendientes al <strong>Plan de Pagos para la Regularizaci\u00f3n de la Deuda Previsional<\/strong>, que ya cuenta con media sanci\u00f3n del Senado. En Diputados, tiene dictamen de mayor\u00eda de las comisiones de Previsi\u00f3n Social y Presupuesto y Hacienda, y<strong> espera su tratamiento en el Recinto.<\/strong><\/p>\n<p>&nbsp;<\/p>\n<p>En tal sentido, el <strong>diputado del FDT Ricardo Herrera<\/strong> se\u00f1al\u00f3 que &#8220;es un tema que nos atraviesa a todos y tenemos que tener un punto de consenso&#8221;. Adem\u00e1s, indic\u00f3: &#8220;Entendemos que no es un debate estructural porque debemos repensar el Sistema Previsional Argentino, pero este proyecto propone un debate coyuntural, a favor de tantas personas en edad de jubilarse y que, si se vence la Moratoria Previsional, no lo va a poder hacer&#8221;.<\/p>\n<p>&nbsp;<\/p>\n<div class=\"jetpack-video-wrapper\"><iframe loading=\"lazy\" title=\"Diputados se refirieron al proyecto de moratoria previsional\" width=\"800\" height=\"450\" src=\"https:\/\/www.youtube.com\/embed\/apJDyXe8s7A?feature=oembed\" frameborder=\"0\" allow=\"accelerometer; autoplay; clipboard-write; encrypted-media; gyroscope; picture-in-picture\" allowfullscreen><\/iframe><\/div>\n<p>&nbsp;<\/p>\n<p>Mientras que <strong>Manuel Aguirre, legislador UCR<\/strong>, manifest\u00f3 que \u201cla Moratoria Previsional es un tema que todav\u00eda no est\u00e1 resuelto\u201d y advirti\u00f3 que \u201cse deber\u00eda saber antes de d\u00f3nde se va a sacar el dinero, porque sino se va a endeudar a\u00fan m\u00e1s al pa\u00eds\u201d.<\/p>\n<p>&nbsp;<\/p>\n<div class=\"jetpack-video-wrapper\"><iframe loading=\"lazy\" title=\"Diputados se refirieron al proyecto de moratoria previsional\" width=\"800\" height=\"450\" src=\"https:\/\/www.youtube.com\/embed\/XxUNnBAAE-c?feature=oembed\" frameborder=\"0\" allow=\"accelerometer; autoplay; clipboard-write; encrypted-media; gyroscope; picture-in-picture\" allowfullscreen><\/iframe><\/div>\n<p>&nbsp;<\/p>\n<p>El proyecto, con autor\u00eda de los senadores FDT Mariano Recalde y Anabel Fern\u00e1ndez Sagasti, ya tuvo acompa\u00f1amiento en la C\u00e1mara alta y <strong>alcanza a m\u00e1s de 1,5 millones de personas en edad jubilatoria que no cuentan con los 30 a\u00f1os de aportes<\/strong> que exige la Ley del Sistema Integrado de Jubilaciones y Pensiones. En Diputados, cuenta con dictamen de mayor\u00eda y adem\u00e1s dictamen de minor\u00eda de JxC.<\/p>\n","protected":false},"excerpt":{"rendered":"<p>Se expresaron en relaci\u00f3n a la propuesta de plan de pago para personas con edad de jubilarse pero que no<\/p>\n","protected":false},"author":5,"featured_media":72333,"comment_status":"closed","ping_status":"closed","sticky":false,"template":"","format":"standard","meta":{"_jetpack_memberships_contains_paid_content":false,"footnotes":""},"categories":[6,1],"tags":[],"class_list":["post-72330","post","type-post","status-publish","format-standard","has-post-thumbnail","hentry","category-nacionales","category-portada"],"jetpack_featured_media_url":"https:\/\/i0.wp.com\/cdnoticias.com\/wp-content\/uploads\/2022\/12\/diputados00.jpg?fit=880%2C495&ssl=1","jetpack_sharing_enabled":true,"_links":{"self":[{"href":"https:\/\/cdnoticias.com\/index.php\/wp-json\/wp\/v2\/posts\/72330","targetHints":{"allow":["GET"]}}],"collection":[{"href":"https:\/\/cdnoticias.com\/index.php\/wp-json\/wp\/v2\/posts"}],"about":[{"href":"https:\/\/cdnoticias.com\/index.php\/wp-json\/wp\/v2\/types\/post"}],"author":[{"embeddable":true,"href":"https:\/\/cdnoticias.com\/index.php\/wp-json\/wp\/v2\/users\/5"}],"replies":[{"embeddable":true,"href":"https:\/\/cdnoticias.com\/index.php\/wp-json\/wp\/v2\/comments?post=72330"}],"version-history":[{"count":0,"href":"https:\/\/cdnoticias.com\/index.php\/wp-json\/wp\/v2\/posts\/72330\/revisions"}],"wp:featuredmedia":[{"embeddable":true,"href":"https:\/\/cdnoticias.com\/index.php\/wp-json\/wp\/v2\/media\/72333"}],"wp:attachment":[{"href":"https:\/\/cdnoticias.com\/index.php\/wp-json\/wp\/v2\/media?parent=72330"}],"wp:term":[{"taxonomy":"category","embeddable":true,"href":"https:\/\/cdnoticias.com\/index.php\/wp-json\/wp\/v2\/categories?post=72330"},{"taxonomy":"post_tag","embeddable":true,"href":"https:\/\/cdnoticias.com\/index.php\/wp-json\/wp\/v2\/tags?post=72330"}],"curies":[{"name":"wp","href":"https:\/\/api.w.org\/{rel}","templated":true}]}}