{"id":72322,"date":"2022-12-13T07:53:16","date_gmt":"2022-12-13T10:53:16","guid":{"rendered":"https:\/\/www.centraldenoticias.com.ar\/?p=72322"},"modified":"2022-12-13T07:53:16","modified_gmt":"2022-12-13T10:53:16","slug":"silvia-raquel-artacho-q-e-p-d","status":"publish","type":"post","link":"https:\/\/cdnoticias.com\/index.php\/2022\/12\/13\/silvia-raquel-artacho-q-e-p-d\/","title":{"rendered":"Silvia Raquel Artacho (Q.E.P.D.)"},"content":{"rendered":"<p>Falleci\u00f3 en Olavarr\u00eda el 13 de diciembre de 2022 a los 75 a\u00f1os de edad. Sus hijas: Mar\u00eda de los \u00c1ngeles y Mar\u00eda Eugenia Scelzi; el padre de sus hijas Ernesto Mart\u00edn Scelzi; su hijo pol\u00edtico Juan Rico; sus nietos: Roc\u00edo Scelzi, Denisse y Valent\u00edn Torres, Florencia Varela; su hermana Vilma Artacho; sus sobrinas: Marcela y Ana Paula Monta\u00f1\u00e9s y dem\u00e1s deudos participan su fallecimiento.<\/p>\n<p>&nbsp;<\/p>\n<p>Sus restos ser\u00e1n velados en Sala &#8220;C&#8221; de Espa\u00f1a 2942 y ser\u00e1n inhumados en el cementerio Loma de Paz este martes 13 de diciembre a las 10:30, previo responso en la capilla ardiente. Servicio adherido a Coopelectric. Barrio en el que viv\u00eda: San Mart\u00edn. Actividad que desarrollaba: Enfermera Jubilada del Ex Policl\u00ednico Ferroviario, del Hospital Municipal &#8220;Dr. H\u00e9ctor Cura&#8221;, de Atenci\u00f3n Primaria de la Salud y de la Cl\u00ednica Mar\u00eda Auxiliadora.<\/p>\n","protected":false},"excerpt":{"rendered":"<p>Falleci\u00f3 en Olavarr\u00eda el 13 de diciembre de 2022 a los 75 a\u00f1os de edad. Sus hijas: Mar\u00eda de los<\/p>\n","protected":false},"author":5,"featured_media":67646,"comment_status":"closed","ping_status":"closed","sticky":false,"template":"","format":"standard","meta":{"_jetpack_memberships_contains_paid_content":false,"footnotes":""},"categories":[10],"tags":[],"class_list":["post-72322","post","type-post","status-publish","format-standard","has-post-thumbnail","hentry","category-necrologicas"],"jetpack_featured_media_url":"https:\/\/i0.wp.com\/cdnoticias.com\/wp-content\/uploads\/2022\/10\/necrologicas-390-x-240.jpg?fit=390%2C240&ssl=1","jetpack_sharing_enabled":true,"_links":{"self":[{"href":"https:\/\/cdnoticias.com\/index.php\/wp-json\/wp\/v2\/posts\/72322","targetHints":{"allow":["GET"]}}],"collection":[{"href":"https:\/\/cdnoticias.com\/index.php\/wp-json\/wp\/v2\/posts"}],"about":[{"href":"https:\/\/cdnoticias.com\/index.php\/wp-json\/wp\/v2\/types\/post"}],"author":[{"embeddable":true,"href":"https:\/\/cdnoticias.com\/index.php\/wp-json\/wp\/v2\/users\/5"}],"replies":[{"embeddable":true,"href":"https:\/\/cdnoticias.com\/index.php\/wp-json\/wp\/v2\/comments?post=72322"}],"version-history":[{"count":0,"href":"https:\/\/cdnoticias.com\/index.php\/wp-json\/wp\/v2\/posts\/72322\/revisions"}],"wp:featuredmedia":[{"embeddable":true,"href":"https:\/\/cdnoticias.com\/index.php\/wp-json\/wp\/v2\/media\/67646"}],"wp:attachment":[{"href":"https:\/\/cdnoticias.com\/index.php\/wp-json\/wp\/v2\/media?parent=72322"}],"wp:term":[{"taxonomy":"category","embeddable":true,"href":"https:\/\/cdnoticias.com\/index.php\/wp-json\/wp\/v2\/categories?post=72322"},{"taxonomy":"post_tag","embeddable":true,"href":"https:\/\/cdnoticias.com\/index.php\/wp-json\/wp\/v2\/tags?post=72322"}],"curies":[{"name":"wp","href":"https:\/\/api.w.org\/{rel}","templated":true}]}}