{"id":7232,"date":"2020-11-24T08:41:15","date_gmt":"2020-11-24T11:41:15","guid":{"rendered":"http:\/\/www.centraldenoticias.com.ar\/?p=7232"},"modified":"2020-11-24T08:41:15","modified_gmt":"2020-11-24T11:41:15","slug":"azul-contra-la-nocturnidad-no-se-puede-circular-despues-de-la-medianoche","status":"publish","type":"post","link":"https:\/\/cdnoticias.com\/index.php\/2020\/11\/24\/azul-contra-la-nocturnidad-no-se-puede-circular-despues-de-la-medianoche\/","title":{"rendered":"Azul contra la nocturnidad: no se puede circular despu\u00e9s de la medianoche"},"content":{"rendered":"<p><span style=\"color: #000080;\"><span lang=\"zxx\"><span style=\"color: #000000;\"><span lang=\"es-ES\">Desde este martes y hasta el 9 de diciembre rige por decreto la prohibici\u00f3n. El intendente Bertellys denunci\u00f3 \u201c<\/span><\/span><\/span><\/span><span style=\"color: #000080;\"><span lang=\"zxx\"><span style=\"color: #000000;\"><span lang=\"es-ES\">un descontrol\u201d <\/span><\/span><\/span><\/span><span style=\"color: #000080;\"><span lang=\"zxx\"><span style=\"color: #000000;\"><span lang=\"es-ES\">y \u201c<\/span><\/span><\/span><\/span><span style=\"color: #000080;\"><span lang=\"zxx\"><span style=\"color: #000000;\"><span lang=\"es-ES\">una inconducta manifiesta\u201d.<\/span><\/span><\/span><\/span><\/p>\n<hr \/>\n<p><!--more--><\/p>\n<p><strong><span style=\"color: #000080;\"><span lang=\"zxx\"><span style=\"color: #000000;\"><span lang=\"es-ES\">El intendente de Azul, Hern\u00e1n <\/span><\/span><\/span><\/span><span style=\"color: #000080;\"><span lang=\"zxx\"><span style=\"color: #000000;\"><span lang=\"es-ES\">Bertellys<\/span><\/span><\/span><\/span><span style=\"color: #000080;\"><span lang=\"zxx\"><span style=\"color: #000000;\"><span lang=\"es-ES\">, dispuso <\/span><\/span><\/span><\/span><span style=\"color: #000080;\"><span lang=\"zxx\"><span style=\"color: #000000;\"><span lang=\"es-ES\">la restricci\u00f3n de circulaci\u00f3n entre las 00 y las 6 <\/span><\/span><\/span><\/span><span style=\"color: #000080;\"><span lang=\"zxx\"><span style=\"color: #000000;\"><span lang=\"es-ES\">de la ma\u00f1ana <\/span><\/span><\/span><\/span><span style=\"color: #000080;\"><span lang=\"zxx\"><span style=\"color: #000000;\"><span lang=\"es-ES\">en todo el distrito<\/span><\/span><\/span><\/span><\/strong><span style=\"color: #000080;\"><span lang=\"zxx\"><span style=\"color: #000000;\"><span lang=\"es-ES\"><strong>. Se aplica desde este martes y hasta el 9 de diciembre por decreto con el objetivo de reducir <\/strong><\/span><\/span><\/span><\/span><strong><span style=\"color: #000080;\"><span lang=\"zxx\"><span style=\"color: #000000;\"><span lang=\"es-ES\">la circulaci\u00f3n de las personas.<\/span><\/span><\/span><\/span><\/strong><\/p>\n<p><span style=\"color: #000080;\"><span lang=\"zxx\"><span style=\"color: #000000;\"><span lang=\"es-ES\">La novedad se dio a conocer en la noche del lunes a trav\u00e9s de una conferencia de prensa y despu\u00e9s de un fin de semana en el que se labraron infracciones por reuniones en espacios p\u00fablicos.<\/span><\/span><\/span><\/span><\/p>\n<p><span style=\"color: #000080;\"><span lang=\"zxx\"><span style=\"color: #000000;\"><span lang=\"es-ES\">En ese sentido, el jefe comunal <\/span><\/span><\/span><\/span><span style=\"color: #000080;\"><span lang=\"zxx\"><span style=\"color: #000000;\"><span lang=\"es-ES\">enumer\u00f3 <\/span><\/span><\/span><\/span><span style=\"color: #000080;\"><span lang=\"zxx\"><span style=\"color: #000000;\"><span lang=\"es-ES\">las <strong>\u201c<\/strong><\/span><\/span><\/span><\/span><span style=\"color: #000080;\"><span lang=\"zxx\"><span style=\"color: #000000;\"><span lang=\"es-ES\"><strong>conductas indebidas en el marco de la pandemia\u201d<\/strong>, entre las que mencion\u00f3 las reuniones sociales y la gran circulaci\u00f3n y aglomeraci\u00f3n de personas en espacios p\u00fablicos, sin distanciamiento ni tapabocas.<\/span><\/span><\/span><\/span><\/p>\n<p><span style=\"color: #000080;\"><span lang=\"zxx\"><span style=\"color: #000000;\"><span lang=\"es-ES\">As\u00ed anunci\u00f3 <\/span><\/span><\/span><\/span><span style=\"color: #000080;\"><span lang=\"zxx\"><span style=\"color: #000000;\"><span lang=\"es-ES\">la entrada en vigencia de<\/span><\/span><\/span><\/span><span style=\"color: #000080;\"><span lang=\"zxx\"><span style=\"color: #000000;\"><span lang=\"es-ES\">l decreto y el inicio de <\/span><\/span><\/span><\/span><strong><span style=\"color: #000080;\"><span lang=\"zxx\"><span style=\"color: #000000;\"><span lang=\"es-ES\">operativos de control <\/span><\/span><\/span><\/span><span style=\"color: #000080;\"><span lang=\"zxx\"><span style=\"color: #000000;\"><span lang=\"es-ES\">para los cuales la <\/span><\/span><\/span><\/span><span style=\"color: #000080;\"><span lang=\"zxx\"><span style=\"color: #000000;\"><span lang=\"es-ES\">Polic\u00eda de la Provincia de Buenos Aires <\/span><\/span><\/span><\/span><span style=\"color: #000080;\"><span lang=\"zxx\"><span style=\"color: #000000;\"><span lang=\"es-ES\">colaborar\u00e1 con el Municipio<\/span><\/span><\/span><\/span><\/strong><span style=\"color: #000080;\"><span lang=\"zxx\"><span style=\"color: #000000;\"><span lang=\"es-ES\">. Al mismo tiempo, y para adaptarse a <\/span><\/span><\/span><\/span><span style=\"color: #000080;\"><span lang=\"zxx\"><span style=\"color: #000000;\"><span lang=\"es-ES\">la nueva normativa, l<\/span><\/span><\/span><\/span><span style=\"color: #000080;\"><span lang=\"zxx\"><span style=\"color: #000000;\"><span lang=\"es-ES\">os lugares de esparcimiento habilitados como <strong>bares o cervecer\u00edas, que <\/strong><\/span><\/span><\/span><\/span><strong><span style=\"color: #000080;\"><span lang=\"zxx\"><span style=\"color: #000000;\"><span lang=\"es-ES\">estaban <\/span><\/span><\/span><\/span><span style=\"color: #000080;\"><span lang=\"zxx\"><span style=\"color: #000000;\"><span lang=\"es-ES\">habilitad<\/span><\/span><\/span><\/span><span style=\"color: #000080;\"><span lang=\"zxx\"><span style=\"color: #000000;\"><span lang=\"es-ES\">o<\/span><\/span><\/span><\/span><\/strong><span style=\"color: #000080;\"><span lang=\"zxx\"><span style=\"color: #000000;\"><span lang=\"es-ES\"><strong>s hasta las 2 AM, deber\u00e1n volver a cerrar antes de la medianoche<\/strong>.<\/span><\/span><\/span><\/span><\/p>\n<p><span style=\"color: #000080;\"><span lang=\"zxx\"><span style=\"color: #000000;\"><span lang=\"es-ES\">Se previeron <strong>excepciones a esta restricci\u00f3n<\/strong> de tr\u00e1nsito que alcanzan a \u201c<\/span><\/span><\/span><\/span><span style=\"color: #000080;\"><span lang=\"zxx\"><span style=\"color: #000000;\"><span lang=\"es-ES\">trabajadores esenciales\u201d, <\/span><\/span><\/span><\/span><span style=\"color: #000080;\"><span lang=\"zxx\"><span style=\"color: #000000;\"><span lang=\"es-ES\">personas que deben circular por \u201c<\/span><\/span><\/span><\/span><span style=\"color: #000080;\"><span lang=\"zxx\"><span style=\"color: #000000;\"><span lang=\"es-ES\">razones de fuerza mayor\u201d y personas que \u201cingresan por turismo\u201d, <\/span><\/span><\/span><\/span><span style=\"color: #000080;\"><span lang=\"zxx\"><span style=\"color: #000000;\"><span lang=\"es-ES\">seg\u00fan se inform\u00f3 desde la Municipalidad de Azul<\/span><\/span><\/span><\/span><span style=\"color: #000080;\"><span lang=\"zxx\"><span style=\"color: #000000;\"><span lang=\"es-ES\">.<\/span><\/span><\/span><\/span><\/p>\n<p><strong><span style=\"color: #000080;\"><span style=\"color: #000000;\">\u201c<\/span><\/span><span style=\"color: #000080;\"><span lang=\"zxx\"><span style=\"color: #000000;\"><span lang=\"es-ES\">Un descontrol\u201d<\/span><\/span><\/span><\/span><\/strong><\/p>\n<p><span style=\"color: #000080;\"><span lang=\"zxx\"><span style=\"color: #000000;\"><span lang=\"es-ES\">Durante el anuncio, <\/span><\/span><\/span><\/span><span style=\"color: #000080;\"><span lang=\"zxx\"><span style=\"color: #000000;\"><span lang=\"es-ES\">Bertellys <\/span><\/span><\/span><\/span><span style=\"color: #000080;\"><span lang=\"zxx\"><span style=\"color: #000000;\"><span lang=\"es-ES\">estuvo acompa\u00f1ado por <\/span><\/span><\/span><\/span><span style=\"color: #000080;\"><span lang=\"zxx\"><span style=\"color: #000000;\"><span lang=\"es-ES\">la senadora provincial Lucrecia Egger, el jefe de Gabinete y Gobierno, Alejandro Vieyra, el secretario de Control Ciudadano Walter Surget, el subsecretario de Legal y T\u00e9cnica Roberto D\u00e1vila, la subsecretaria de Gobierno Fernanda Ibarra y el oficial subinspector del Destacamento Balneario Joaqu\u00edn Andrade.<\/span><\/span><\/span><\/span><\/p>\n<p><img data-recalc-dims=\"1\" loading=\"lazy\" decoding=\"async\" class=\"aligncenter wp-image-7234 size-full\" src=\"https:\/\/i0.wp.com\/cdnoticias.com\/wp-content\/uploads\/2020\/11\/azul-bertellys.jpg?resize=642%2C361&#038;ssl=1\" alt=\"\" width=\"642\" height=\"361\" srcset=\"https:\/\/i0.wp.com\/cdnoticias.com\/wp-content\/uploads\/2020\/11\/azul-bertellys.jpg?w=642&amp;ssl=1 642w, https:\/\/i0.wp.com\/cdnoticias.com\/wp-content\/uploads\/2020\/11\/azul-bertellys.jpg?resize=300%2C169&amp;ssl=1 300w\" sizes=\"auto, (max-width: 642px) 100vw, 642px\" \/><\/p>\n<blockquote><p><span style=\"color: #000080;\"><span style=\"color: #000000;\">\u201c<\/span><\/span><span style=\"color: #000080;\"><span lang=\"zxx\"><span style=\"color: #000000;\"><span lang=\"es-ES\">A<\/span><\/span><\/span><\/span><span style=\"color: #000080;\"><span lang=\"zxx\"><span style=\"color: #000000;\"><span lang=\"es-ES\"> pesar de continuar transitando la pandemia, hemos visto en algunos lugares un descontrol, una inconducta manifiesta donde no hay ning\u00fan cuidado de distanciamiento social ni uso de tapabocas\u201d <\/span><\/span><\/span><\/span><span style=\"color: #000080;\"><span lang=\"zxx\"><span style=\"color: #000000;\"><span lang=\"es-ES\">dijo el intendente azule\u00f1o<\/span><\/span><\/span><\/span><span style=\"color: #000080;\"><span lang=\"zxx\"><span style=\"color: #000000;\"><span lang=\"es-ES\">. <\/span><\/span><\/span><\/span><span style=\"color: #000080;\"><span lang=\"zxx\"><span style=\"color: #000000;\"><span lang=\"es-ES\">Agreg\u00f3 cuestion\u00f3 que <\/span><\/span><\/span><\/span><span style=\"color: #000080;\"><span lang=\"zxx\"><span style=\"color: #000000;\"><span lang=\"es-ES\">\u201cse han recepcionado en nuestro hospital intoxicados con alcohol o personas con politraumatismo producto de este accionar imprudente; personas que ocupan camas que necesitamos para hacer frente al Covid\u201d.<\/span><\/span><\/span><\/span><\/p><\/blockquote>\n<p><span style=\"color: #000080;\"><span lang=\"zxx\"><span style=\"color: #000000;\"><span lang=\"es-ES\">El mandatario del vecino distrito adelant\u00f3 que <\/span><\/span><\/span><\/span><span style=\"color: #000080;\"><span lang=\"zxx\"><span style=\"color: #000000;\"><span lang=\"es-ES\">se <\/span><\/span><\/span><\/span><span style=\"color: #000080;\"><span lang=\"zxx\"><span style=\"color: #000000;\"><span lang=\"es-ES\">dispondr\u00e1n<strong> m\u00e1s medidas desde <\/strong><\/span><\/span><\/span><\/span><span style=\"color: #000080;\"><span lang=\"zxx\"><span style=\"color: #000000;\"><span lang=\"es-ES\"><strong>el pr\u00f3ximo fin de semana en el sector del Balneario<\/strong>, donde se congrega m\u00e1s gente, que ser\u00e1n \u201cinformadas oportunamente\u201d.<\/span><\/span><\/span><\/span><\/p>\n<p><span style=\"color: #000080;\"><span lang=\"zxx\"><span style=\"color: #000000;\"><span lang=\"es-ES\">Por su parte, Vieyra destac\u00f3 \u201cel <strong>acompa\u00f1amiento que tenemos de Fiscal\u00eda General<\/strong> que ya puso a d<\/span><\/span><\/span><\/span><span style=\"color: #000080;\"><span lang=\"zxx\"><span style=\"color: #000000;\"><span lang=\"es-ES\">isposici\u00f3n una capacitaci\u00f3n a los agentes de polic\u00eda para que ellos puedan actuar a derecho y por sobre todo hacer el cumplimiento efectivo de esta herramienta, no ser\u00e1 sencillo pero ellos tienen el poder para hacerlo\u201d.<\/span><\/span><\/span><\/span><\/p>\n<p><span style=\"color: #000080;\"><span lang=\"zxx\"><span style=\"color: #000000;\"><span lang=\"es-ES\">Al brindar m\u00e1s detalles, D\u00e1vila enfatiz\u00f3 que \u201cvamos a trabajar fundamentalmente con la polic\u00eda en un control m\u00e1s riguroso de la normativa y en tal sentido, <strong>la polic\u00eda tiene amplias facultades como instruir la causa y disponer de la detenci\u00f3n de una persona<\/strong> que se encuentre cometiendo un delito\u201d.<\/span><\/span><\/span><\/span><\/p>\n<p><span style=\"color: #000080;\"><span lang=\"zxx\"><span style=\"color: #000000;\"><span lang=\"es-ES\">En otro orden, Vieyra se\u00f1al\u00f3 que \u201cdebemos trabajar fuertemente sobre la nocturnidad, nos reunimos con vecinos de la zona, hablamos con los inspectores y <strong>se ve un relajamiento notable<\/strong>\u201d. <\/span><\/span><\/span><\/span><\/p>\n<blockquote><p><span style=\"color: #000080;\"><span lang=\"zxx\"><span style=\"color: #000000;\"><span lang=\"es-ES\">\u201cN<\/span><\/span><\/span><\/span><span style=\"color: #000080;\"><span lang=\"zxx\"><span style=\"color: #000000;\"><span lang=\"es-ES\">uestro principal objetivo es cuidar nuestro hospital y lo cuidamos con prevenci\u00f3n. Para eso apelamos a la responsabilidad social, especialmente de los padres y tambi\u00e9n de los comerciantes que saben que no le pueden vender alcohol a menores\u201d manifest\u00f3 el Jefe de Gabinete.<\/span><\/span><\/span><\/span><\/p><\/blockquote>\n<p><strong><span style=\"color: #000080;\"><span lang=\"zxx\"><span style=\"color: #000000;\"><span lang=\"es-ES\">Covid<\/span><\/span><\/span><\/span><\/strong><\/p>\n<p><span style=\"color: #000080;\"><span lang=\"zxx\"><span style=\"color: #000000;\"><span lang=\"es-ES\">El \u00faltimo parte oficial disponible dio cuenta de que en Azul hay actualmente 235 casos activos de Covid-19, <\/span><\/span><\/span><\/span><span style=\"color: #000080;\"><span lang=\"zxx\"><span style=\"color: #000000;\"><span lang=\"es-ES\">224 en Azul, 10 en Chillar y 1 en Cachar\u00ed. <\/span><\/span><\/span><\/span><\/p>\n<p><span style=\"color: #000080;\"><span lang=\"zxx\"><span style=\"color: #000000;\"><span lang=\"es-ES\">Al 22 de noviembre, el total de fallecidos era de 70 pacientes y el <\/span><\/span><\/span><\/span><span style=\"color: #000080;\"><span lang=\"zxx\"><span style=\"color: #000000;\"><span lang=\"es-ES\">de recuperados, 1538. <\/span><\/span><\/span><\/span><\/p>\n<p><span style=\"color: #000080;\"><span lang=\"zxx\"><span style=\"color: #000000;\"><span lang=\"es-ES\">En la Unidad de Terapia Intensiva del Hospital Pintos, la ocupaci\u00f3n era de 80%, del cual la mitad correspond\u00eda a pacientes con Covid-19.<\/span><\/span><\/span><\/span><\/p>\n<p><em><span style=\"color: #000080;\"><span lang=\"zxx\"><span style=\"color: #000000;\"><span lang=\"es-ES\">Fuentes: Municipalidad de Azul, Radio Azul y Noticias de Azul<\/span><\/span><\/span><\/span><\/em><\/p>\n","protected":false},"excerpt":{"rendered":"<p>Desde este martes y hasta el 9 de diciembre rige por decreto la prohibici\u00f3n. El intendente Bertellys denunci\u00f3 \u201cun descontrol\u201d<\/p>\n","protected":false},"author":4,"featured_media":7233,"comment_status":"closed","ping_status":"closed","sticky":false,"template":"","format":"standard","meta":{"_jetpack_memberships_contains_paid_content":false,"footnotes":""},"categories":[6,1],"tags":[],"class_list":["post-7232","post","type-post","status-publish","format-standard","has-post-thumbnail","hentry","category-nacionales","category-portada"],"jetpack_featured_media_url":"https:\/\/i0.wp.com\/cdnoticias.com\/wp-content\/uploads\/2020\/11\/azul-bertellys1.jpg?fit=1280%2C853&ssl=1","jetpack_sharing_enabled":true,"_links":{"self":[{"href":"https:\/\/cdnoticias.com\/index.php\/wp-json\/wp\/v2\/posts\/7232","targetHints":{"allow":["GET"]}}],"collection":[{"href":"https:\/\/cdnoticias.com\/index.php\/wp-json\/wp\/v2\/posts"}],"about":[{"href":"https:\/\/cdnoticias.com\/index.php\/wp-json\/wp\/v2\/types\/post"}],"author":[{"embeddable":true,"href":"https:\/\/cdnoticias.com\/index.php\/wp-json\/wp\/v2\/users\/4"}],"replies":[{"embeddable":true,"href":"https:\/\/cdnoticias.com\/index.php\/wp-json\/wp\/v2\/comments?post=7232"}],"version-history":[{"count":0,"href":"https:\/\/cdnoticias.com\/index.php\/wp-json\/wp\/v2\/posts\/7232\/revisions"}],"wp:featuredmedia":[{"embeddable":true,"href":"https:\/\/cdnoticias.com\/index.php\/wp-json\/wp\/v2\/media\/7233"}],"wp:attachment":[{"href":"https:\/\/cdnoticias.com\/index.php\/wp-json\/wp\/v2\/media?parent=7232"}],"wp:term":[{"taxonomy":"category","embeddable":true,"href":"https:\/\/cdnoticias.com\/index.php\/wp-json\/wp\/v2\/categories?post=7232"},{"taxonomy":"post_tag","embeddable":true,"href":"https:\/\/cdnoticias.com\/index.php\/wp-json\/wp\/v2\/tags?post=7232"}],"curies":[{"name":"wp","href":"https:\/\/api.w.org\/{rel}","templated":true}]}}