{"id":7230,"date":"2020-11-24T08:21:46","date_gmt":"2020-11-24T11:21:46","guid":{"rendered":"http:\/\/www.centraldenoticias.com.ar\/?p=7230"},"modified":"2020-11-24T10:02:30","modified_gmt":"2020-11-24T13:02:30","slug":"ni-presidente-ni-gobernador-la-lluvia-suspendio-la-visita-de-los-mandatarios","status":"publish","type":"post","link":"https:\/\/cdnoticias.com\/index.php\/2020\/11\/24\/ni-presidente-ni-gobernador-la-lluvia-suspendio-la-visita-de-los-mandatarios\/","title":{"rendered":"Ni presidente, ni gobernador: la lluvia suspendi\u00f3 la visita de los mandatarios"},"content":{"rendered":"<p>El factor clima era clave para eventualmente suspender la llegada del jefe nacional y su par provincial. De todas maneras, estar\u00e1n participando del acto del D\u00eda de la Construcci\u00f3n de forma virtual.<!--more--><\/p>\n<hr \/>\n<p>En medio de cambios e idas y vueltas, finalmente <strong>ni Alberto Fern\u00e1ndez ni Axel Kicillof estar\u00e1n \u201cf\u00edsicamente\u201d en Olavarr\u00eda tras la suspensi\u00f3n de su llegada por las condiciones clim\u00e1ticas.<\/strong><\/p>\n<p>&nbsp;<\/p>\n<p>Las lluvias que desde la noche del lunes caen en Olavarr\u00eda fueron determinantes para redise\u00f1ar la visita: <strong>estar\u00e1n presentes en formato virtual, juntos, del acto del D\u00eda de la Construcci\u00f3n que se desarrollar\u00e1 en L\u2019Amal\u00ed II.<\/strong><\/p>\n<p>&nbsp;<\/p>\n<p><strong>La suspensi\u00f3n del presidente se confirm\u00f3 el lunes por la noche, cuando voceros presidenciales se\u00f1alaron que los malos pron\u00f3sticos para la regi\u00f3n har\u00edan imposible la llegada.<\/strong> Hasta esa hora, Axel Kicillof ven\u00eda y realizar\u00edan un formato similar a otros actos: gobernador presente, presidente en forma virtual. Finalmente,<strong> el escenario planteado por la noche tambi\u00e9n se desestim\u00f3.<\/strong><\/p>\n<p>&nbsp;<\/p>\n<blockquote><p>El acto por el D\u00eda de la Construcci\u00f3n recuerda la apertura del Canal de Suez en 1869, obra de infraestructura que signific\u00f3 una mejora sustancial en el comercio de la \u00e9poca.<\/p><\/blockquote>\n<p>&nbsp;<\/p>\n<p>Para aquellos que quieran seguir las alternativas de lo que suceda en L\u2019Amal\u00ed II, podr\u00e1n seguirlo virtualmente desde este link. <a href=\"https:\/\/livestream.com\/camarco\/events\/9394483\">https:\/\/livestream.com\/camarco\/events\/9394483<\/a><\/p>\n","protected":false},"excerpt":{"rendered":"<p>El factor clima era clave para eventualmente suspender la llegada del jefe nacional y su par provincial. De todas maneras,<\/p>\n","protected":false},"author":2,"featured_media":6899,"comment_status":"closed","ping_status":"closed","sticky":false,"template":"","format":"standard","meta":{"_jetpack_memberships_contains_paid_content":false,"footnotes":""},"categories":[5,1],"tags":[],"class_list":["post-7230","post","type-post","status-publish","format-standard","has-post-thumbnail","hentry","category-informacion-general","category-portada"],"jetpack_featured_media_url":"https:\/\/i0.wp.com\/cdnoticias.com\/wp-content\/uploads\/2020\/11\/cuarentena-alberto-fernandez-axel-kicillof-fase-4-argentina-.jpg?fit=1200%2C800&ssl=1","jetpack_sharing_enabled":true,"_links":{"self":[{"href":"https:\/\/cdnoticias.com\/index.php\/wp-json\/wp\/v2\/posts\/7230","targetHints":{"allow":["GET"]}}],"collection":[{"href":"https:\/\/cdnoticias.com\/index.php\/wp-json\/wp\/v2\/posts"}],"about":[{"href":"https:\/\/cdnoticias.com\/index.php\/wp-json\/wp\/v2\/types\/post"}],"author":[{"embeddable":true,"href":"https:\/\/cdnoticias.com\/index.php\/wp-json\/wp\/v2\/users\/2"}],"replies":[{"embeddable":true,"href":"https:\/\/cdnoticias.com\/index.php\/wp-json\/wp\/v2\/comments?post=7230"}],"version-history":[{"count":0,"href":"https:\/\/cdnoticias.com\/index.php\/wp-json\/wp\/v2\/posts\/7230\/revisions"}],"wp:featuredmedia":[{"embeddable":true,"href":"https:\/\/cdnoticias.com\/index.php\/wp-json\/wp\/v2\/media\/6899"}],"wp:attachment":[{"href":"https:\/\/cdnoticias.com\/index.php\/wp-json\/wp\/v2\/media?parent=7230"}],"wp:term":[{"taxonomy":"category","embeddable":true,"href":"https:\/\/cdnoticias.com\/index.php\/wp-json\/wp\/v2\/categories?post=7230"},{"taxonomy":"post_tag","embeddable":true,"href":"https:\/\/cdnoticias.com\/index.php\/wp-json\/wp\/v2\/tags?post=7230"}],"curies":[{"name":"wp","href":"https:\/\/api.w.org\/{rel}","templated":true}]}}