{"id":7224,"date":"2020-11-23T21:02:01","date_gmt":"2020-11-24T00:02:01","guid":{"rendered":"http:\/\/www.centraldenoticias.com.ar\/?p=7224"},"modified":"2020-11-24T08:22:03","modified_gmt":"2020-11-24T11:22:03","slug":"ratifican-la-llegada-del-presidente-y-el-gobernador-a-olavarria","status":"publish","type":"post","link":"https:\/\/cdnoticias.com\/index.php\/2020\/11\/23\/ratifican-la-llegada-del-presidente-y-el-gobernador-a-olavarria\/","title":{"rendered":"Ratifican la llegada del Presidente y el Gobernador a Olavarr\u00eda"},"content":{"rendered":"<p>Ambos tomar\u00e1n parte del acto oficial por el D\u00eda de la Construcci\u00f3n, que se llevar\u00e1 a cabo en L\u00b4Amal\u00ed. Todo, no obstante, estar\u00e1 sujeto a las condiciones clim\u00e1ticas.<\/p>\n<p><!--more--><\/p>\n<hr \/>\n<p>En el mediod\u00eda de este martes la f\u00e1brica L\u00b4Amal\u00ed de Loma Negra ser\u00e1 el escenario principal del acto oficial por el D\u00eda de la Construcci\u00f3n, <strong>un evento que contar\u00e1 con la presencia del presidente de la Naci\u00f3n, Alberto Fern\u00e1ndez, y el gobernador bonaerense Axel Kicillof.<\/strong><\/p>\n<p>&nbsp;<\/p>\n<p>Si bien la presencia de ambos mandatarios viene girando desde hace ya varios d\u00edas, <strong>el acto en nuestra ciudad ya forma parte de la agenda oficial que fue comunicada desde el \u00e1rea de prensa tanto del Ejecutivo Nacional como el bonaerense<\/strong>, dando entonces la \u00faltima confirmaci\u00f3n a lo que ser\u00e1 el primer arribo de ambos en calidad de presidente y gobernador respectivamente.<\/p>\n<p>&nbsp;<\/p>\n<blockquote><p>El acto, en principio, est\u00e1 pautado para las 11.30 pero todo, inclusive el arribo de mandatarios y funcionarios, estar\u00e1 sujeto a las condiciones clim\u00e1ticas<\/p><\/blockquote>\n<p>&nbsp;<\/p>\n<p><strong>El intendente Ezequiel Galli tambi\u00e9n ser\u00e1 parte del acto que es organizado desde la C\u00e1mara Argentina de la Construcci\u00f3n<\/strong>. En el cronograma tambi\u00e9n se prev\u00e9 una conferencia de prensa liderada por el CEO de Loma Negra, Sergio Faifman.<\/p>\n<p>&nbsp;<\/p>\n<p>Vale recordar que tanto Alberto Fern\u00e1ndez como Axel Kicillof visitaron Olavarr\u00eda durante el 2019, visitas que se enmarcaron en la campa\u00f1a electoral.<strong> Adem\u00e1s, entre la presencia de distintos funcionarios y referentes pol\u00edticos, se prev\u00e9 la asistencia de Federico Aguilera y C\u00e9sar Valicenti, subsecretario de Miner\u00eda y una banca en el Senado bonaerense respectivamente, referentes del Frente de Todos a nivel local y seccional.<\/strong><\/p>\n","protected":false},"excerpt":{"rendered":"<p>Ambos tomar\u00e1n parte del acto oficial por el D\u00eda de la Construcci\u00f3n, que se llevar\u00e1 a cabo en L\u00b4Amal\u00ed. Todo,<\/p>\n","protected":false},"author":3,"featured_media":6898,"comment_status":"closed","ping_status":"closed","sticky":false,"template":"","format":"standard","meta":{"_jetpack_memberships_contains_paid_content":false,"footnotes":""},"categories":[5],"tags":[],"class_list":["post-7224","post","type-post","status-publish","format-standard","has-post-thumbnail","hentry","category-informacion-general"],"jetpack_featured_media_url":"https:\/\/i0.wp.com\/cdnoticias.com\/wp-content\/uploads\/2020\/11\/ElcEt9ZWMAU5KTd-e1605743841827.jpg?fit=1346%2C849&ssl=1","jetpack_sharing_enabled":true,"_links":{"self":[{"href":"https:\/\/cdnoticias.com\/index.php\/wp-json\/wp\/v2\/posts\/7224","targetHints":{"allow":["GET"]}}],"collection":[{"href":"https:\/\/cdnoticias.com\/index.php\/wp-json\/wp\/v2\/posts"}],"about":[{"href":"https:\/\/cdnoticias.com\/index.php\/wp-json\/wp\/v2\/types\/post"}],"author":[{"embeddable":true,"href":"https:\/\/cdnoticias.com\/index.php\/wp-json\/wp\/v2\/users\/3"}],"replies":[{"embeddable":true,"href":"https:\/\/cdnoticias.com\/index.php\/wp-json\/wp\/v2\/comments?post=7224"}],"version-history":[{"count":0,"href":"https:\/\/cdnoticias.com\/index.php\/wp-json\/wp\/v2\/posts\/7224\/revisions"}],"wp:featuredmedia":[{"embeddable":true,"href":"https:\/\/cdnoticias.com\/index.php\/wp-json\/wp\/v2\/media\/6898"}],"wp:attachment":[{"href":"https:\/\/cdnoticias.com\/index.php\/wp-json\/wp\/v2\/media?parent=7224"}],"wp:term":[{"taxonomy":"category","embeddable":true,"href":"https:\/\/cdnoticias.com\/index.php\/wp-json\/wp\/v2\/categories?post=7224"},{"taxonomy":"post_tag","embeddable":true,"href":"https:\/\/cdnoticias.com\/index.php\/wp-json\/wp\/v2\/tags?post=7224"}],"curies":[{"name":"wp","href":"https:\/\/api.w.org\/{rel}","templated":true}]}}