{"id":72186,"date":"2022-12-11T12:21:26","date_gmt":"2022-12-11T15:21:26","guid":{"rendered":"https:\/\/www.centraldenoticias.com.ar\/?p=72186"},"modified":"2022-12-11T12:21:26","modified_gmt":"2022-12-11T15:21:26","slug":"fallecio-el-campeon-de-ajedrez-sergio-arambel","status":"publish","type":"post","link":"https:\/\/cdnoticias.com\/index.php\/2022\/12\/11\/fallecio-el-campeon-de-ajedrez-sergio-arambel\/","title":{"rendered":"Falleci\u00f3 el campe\u00f3n de ajedrez, Sergio Arambel"},"content":{"rendered":"<p>Era coordinador de la Escuela Municipal de Ajedrez y muy reconocido en ese deporte. La despedida del Intendente.<!--more--><\/p>\n<hr \/>\n<p><strong>Este s\u00e1bado falleci\u00f3 Sergio Javier Arambel (62), vecino de Olavarr\u00eda muy reconocido en el \u00e1mbito del ajedrez,<\/strong> deporte que practic\u00f3 con excelencia: fue <strong>campe\u00f3n local<\/strong> en numerosas ocasiones en la Primera Divisi\u00f3n local y tambi\u00e9n en torneos de otras instancias. Alcanz\u00f3 a ser <strong>Maestro de la Federaci\u00f3n Internacional de Ajedrez<\/strong> (FIDE).<\/p>\n<p>&nbsp;<\/p>\n<p>Actualmente se desempe\u00f1aba como <strong>coordinador de la Escuela Municipal de Ajedrez.<\/strong><\/p>\n<p>&nbsp;<\/p>\n<p>Su p\u00e9rdida es lamentada por profesionales y practicantes de este deporte en Olavarr\u00eda y la regi\u00f3n.<\/p>\n<p>&nbsp;<\/p>\n<p>El <strong>intendente Ezequiel Galli se expres\u00f3 en redes sociales<\/strong> sobre el fallecimiento de Arambel y destac\u00f3 su trayectoria. <em>\u201cUn c\u00e1lido abrazo y mi m\u00e1s sentido p\u00e9same para familiares y amigos de Sergio Arambel, un hombre que puso a Olavarr\u00eda como referencia del ajedrez de alto nivel\u201d<\/em> manifest\u00f3.<\/p>\n<p>&nbsp;<\/p>\n<blockquote class=\"twitter-tweet\">\n<p dir=\"ltr\" lang=\"es\">Un c\u00e1lido abrazo y mi m\u00e1s sentido p\u00e9same para familiares y amigos de Sergio Arambel, un hombre que puso a <a href=\"https:\/\/twitter.com\/hashtag\/Olavarr%C3%ADa?src=hash&amp;ref_src=twsrc%5Etfw\">#Olavarr\u00eda<\/a> como referencia del ajedrez de alto nivel. <a href=\"https:\/\/t.co\/jjBId04aZg\">pic.twitter.com\/jjBId04aZg<\/a><\/p>\n<p>\u2014 Ezequiel Galli (@ezequielgalli) <a href=\"https:\/\/twitter.com\/ezequielgalli\/status\/1601942511739543553?ref_src=twsrc%5Etfw\">December 11, 2022<\/a><\/p><\/blockquote>\n<p><script async src=\"https:\/\/platform.twitter.com\/widgets.js\" charset=\"utf-8\"><\/script><\/p>\n<p>&nbsp;<\/p>\n<p>&nbsp;<\/p>\n","protected":false},"excerpt":{"rendered":"<p>Era coordinador de la Escuela Municipal de Ajedrez y muy reconocido en ese deporte. La despedida del Intendente.<\/p>\n","protected":false},"author":4,"featured_media":72187,"comment_status":"closed","ping_status":"closed","sticky":false,"template":"","format":"standard","meta":{"_jetpack_memberships_contains_paid_content":false,"footnotes":""},"categories":[5,1],"tags":[],"class_list":["post-72186","post","type-post","status-publish","format-standard","has-post-thumbnail","hentry","category-informacion-general","category-portada"],"jetpack_featured_media_url":"https:\/\/i0.wp.com\/cdnoticias.com\/wp-content\/uploads\/2022\/12\/sergio-arambel-ajedrez.jpg?fit=800%2C445&ssl=1","jetpack_sharing_enabled":true,"_links":{"self":[{"href":"https:\/\/cdnoticias.com\/index.php\/wp-json\/wp\/v2\/posts\/72186","targetHints":{"allow":["GET"]}}],"collection":[{"href":"https:\/\/cdnoticias.com\/index.php\/wp-json\/wp\/v2\/posts"}],"about":[{"href":"https:\/\/cdnoticias.com\/index.php\/wp-json\/wp\/v2\/types\/post"}],"author":[{"embeddable":true,"href":"https:\/\/cdnoticias.com\/index.php\/wp-json\/wp\/v2\/users\/4"}],"replies":[{"embeddable":true,"href":"https:\/\/cdnoticias.com\/index.php\/wp-json\/wp\/v2\/comments?post=72186"}],"version-history":[{"count":0,"href":"https:\/\/cdnoticias.com\/index.php\/wp-json\/wp\/v2\/posts\/72186\/revisions"}],"wp:featuredmedia":[{"embeddable":true,"href":"https:\/\/cdnoticias.com\/index.php\/wp-json\/wp\/v2\/media\/72187"}],"wp:attachment":[{"href":"https:\/\/cdnoticias.com\/index.php\/wp-json\/wp\/v2\/media?parent=72186"}],"wp:term":[{"taxonomy":"category","embeddable":true,"href":"https:\/\/cdnoticias.com\/index.php\/wp-json\/wp\/v2\/categories?post=72186"},{"taxonomy":"post_tag","embeddable":true,"href":"https:\/\/cdnoticias.com\/index.php\/wp-json\/wp\/v2\/tags?post=72186"}],"curies":[{"name":"wp","href":"https:\/\/api.w.org\/{rel}","templated":true}]}}