{"id":72182,"date":"2022-12-11T11:37:03","date_gmt":"2022-12-11T14:37:03","guid":{"rendered":"https:\/\/www.centraldenoticias.com.ar\/?p=72182"},"modified":"2022-12-11T13:41:14","modified_gmt":"2022-12-11T16:41:14","slug":"varios-gremios-de-olavarria-en-rechazo-a-la-condena-y-proscripcion-a-cfk","status":"publish","type":"post","link":"https:\/\/cdnoticias.com\/index.php\/2022\/12\/11\/varios-gremios-de-olavarria-en-rechazo-a-la-condena-y-proscripcion-a-cfk\/","title":{"rendered":"Varios gremios de Olavarr\u00eda, en rechazo a \u201cla condena y proscripci\u00f3n a CFK\u201d"},"content":{"rendered":"<p>Fue en el marco del aniversario de recuperaci\u00f3n democr\u00e1tica. \u201cNo queremos vivir bajo el imperio de la mafia\u201d declararon.<!--more--><\/p>\n<hr \/>\n<p>(*) Foto: Archivo<\/p>\n<p>&nbsp;<\/p>\n<p><strong>Este s\u00e1bado se cumplieron 39 a\u00f1os de la recuperaci\u00f3n democr\u00e1tica<\/strong>, con la asunci\u00f3n de Ra\u00fal Alfons\u00edn como presidente, y en ese marco <strong>17 gremios de Olavarr\u00eda emitieron un comunicado en rechazo a \u201cla condena y proscripci\u00f3n a CFK\u201d.<\/strong><\/p>\n<p>&nbsp;<\/p>\n<p>Con el t\u00edtulo <strong>\u201cMafia o Democracia\u201d<\/strong> los sindicatos plantean \u201csu preocupaci\u00f3n por que la democracia pr\u00f3xima a cumplir 40 a\u00f1os se est\u00e1 convirtiendo en el bot\u00edn de empresarios y jueces que conformaron un aut\u00e9ntico <strong>Partido Judicial<\/strong>, con el objetivo de establecer un modelo econ\u00f3mico que les garantice la apropiaci\u00f3n y acumulaci\u00f3n de la riqueza que producimos los trabajadores argentinos\u201d.<\/p>\n<p>&nbsp;<\/p>\n<p>\u201cCuando la historia se repite como farsa, puede ser m\u00e1s terror\u00edfica que la tragedia. Quienes pertenecemos a organizaciones de la democracia <strong>no podemos admitir que la principal dirigente pol\u00edtica de la Argentina sea proscripta<\/strong>, como lo hicieron con Juan Domingo Per\u00f3n y el peronismo en la mitad del siglo veinte\u201d sostuvieron en el comunicado.<\/p>\n<p>&nbsp;<\/p>\n<blockquote><p>\u201cNo queremos vivir bajo el imperio de la mafia\u201d declararon para a\u00f1adir m\u00e1s adelante que \u201clos trabajadores de Olavarr\u00eda RECHAZAMOS el fallo que proscribe a la vicepresidenta de la naci\u00f3n, Cristina Fern\u00e1ndez de Kirchner y no vamos a renunciar a la lucha para que en nuestra patria no gobiernen facciones mafiosas y se cumpla la primera verdad del peronismo: la verdadera democracia es aquella donde el gobierno hace lo que el pueblo quiere y defiende un solo inter\u00e9s: el del pueblo\u201d.<\/p><\/blockquote>\n<p>&nbsp;<\/p>\n<p>Las firmas pertenecen a <em>ADEFO Asociaci\u00f3n de Empleados de Farmacia de Olavarr\u00eda, AOMA Asociaci\u00f3n Obrera Minera Argentina, CECO Centro Empleados de Comercio de Olavarr\u00eda, \u00a0APOPS Asociaci\u00f3n del Personal de los Organismos de Previsi\u00f3n Social, LA UNION FERROVIARIA, \u00a0Luz y Fuerza, SADOP Sindicato Argentino de Docentes Particulares, SATIF Sindicato Argentino de Trabajadores de la Industria Fideera, Sindicato de Papeleros, Sindicato del Seguro, SMATA \u00a0Sindicato de Mec\u00e1nicos y Afines del Transporte Automotor, SOECO Sindicato Obrero y Empleados Ceramista Olavarr\u00eda, SOIVA Sindicato Obrero de la Industria del Vidrio y Afines, \u00a0SQPFPEOyA Sindicato Qu\u00edmico del Personal de F\u00e1bricas de P\u00f3lvora y Explosivos de Olavarr\u00eda y Azul, STIGAS Sindicato de Trabajadores de la Industria de Gas, SUETRA Sindicato \u00danico de Educadores T\u00e9cnicos de la Rep\u00fablica Argentina, SUTERYH Sindicato \u00danico de Trabajadores de Edificios, Renta y Propiedad Horizontal<\/em>.<\/p>\n<p>&nbsp;<\/p>\n","protected":false},"excerpt":{"rendered":"<p>Fue en el marco del aniversario de recuperaci\u00f3n democr\u00e1tica. \u201cNo queremos vivir bajo el imperio de la mafia\u201d declararon.<\/p>\n","protected":false},"author":4,"featured_media":33855,"comment_status":"closed","ping_status":"closed","sticky":false,"template":"","format":"standard","meta":{"_jetpack_memberships_contains_paid_content":false,"footnotes":""},"categories":[4,1],"tags":[],"class_list":["post-72182","post","type-post","status-publish","format-standard","has-post-thumbnail","hentry","category-politica","category-portada"],"jetpack_featured_media_url":"https:\/\/i0.wp.com\/cdnoticias.com\/wp-content\/uploads\/2021\/09\/Plenario-02.jpg?fit=800%2C445&ssl=1","jetpack_sharing_enabled":true,"_links":{"self":[{"href":"https:\/\/cdnoticias.com\/index.php\/wp-json\/wp\/v2\/posts\/72182","targetHints":{"allow":["GET"]}}],"collection":[{"href":"https:\/\/cdnoticias.com\/index.php\/wp-json\/wp\/v2\/posts"}],"about":[{"href":"https:\/\/cdnoticias.com\/index.php\/wp-json\/wp\/v2\/types\/post"}],"author":[{"embeddable":true,"href":"https:\/\/cdnoticias.com\/index.php\/wp-json\/wp\/v2\/users\/4"}],"replies":[{"embeddable":true,"href":"https:\/\/cdnoticias.com\/index.php\/wp-json\/wp\/v2\/comments?post=72182"}],"version-history":[{"count":0,"href":"https:\/\/cdnoticias.com\/index.php\/wp-json\/wp\/v2\/posts\/72182\/revisions"}],"wp:featuredmedia":[{"embeddable":true,"href":"https:\/\/cdnoticias.com\/index.php\/wp-json\/wp\/v2\/media\/33855"}],"wp:attachment":[{"href":"https:\/\/cdnoticias.com\/index.php\/wp-json\/wp\/v2\/media?parent=72182"}],"wp:term":[{"taxonomy":"category","embeddable":true,"href":"https:\/\/cdnoticias.com\/index.php\/wp-json\/wp\/v2\/categories?post=72182"},{"taxonomy":"post_tag","embeddable":true,"href":"https:\/\/cdnoticias.com\/index.php\/wp-json\/wp\/v2\/tags?post=72182"}],"curies":[{"name":"wp","href":"https:\/\/api.w.org\/{rel}","templated":true}]}}