{"id":72145,"date":"2022-12-11T14:24:35","date_gmt":"2022-12-11T17:24:35","guid":{"rendered":"https:\/\/www.centraldenoticias.com.ar\/?p=72145"},"modified":"2022-12-11T14:24:35","modified_gmt":"2022-12-11T17:24:35","slug":"el-empleo-en-la-construccion-sumo-67-000-puestos-desde-2020","status":"publish","type":"post","link":"https:\/\/cdnoticias.com\/index.php\/2022\/12\/11\/el-empleo-en-la-construccion-sumo-67-000-puestos-desde-2020\/","title":{"rendered":"El empleo en la construcci\u00f3n sum\u00f3 67.000 puestos desde 2020"},"content":{"rendered":"<p>En la comparaci\u00f3n interanual, entre agosto 2021 y agosto 2022 hubo un aumento en los puestos del trabajo del 17,9% seg\u00fan el Indec.<!--more--><\/p>\n<hr \/>\n<p><strong>El empleo en el sector de la construcci\u00f3n sum\u00f3 67.000 puestos desde 2020<\/strong> y se acerca a un <strong>r\u00e9cord hist\u00f3rico<\/strong>, seg\u00fan un informe elaborado por la Direcci\u00f3n Nacional de Transparencia (DNT) del Ministerio de Obras P\u00fablicas.<\/p>\n<p>&nbsp;<\/p>\n<p>El an\u00e1lisis, realizado en base a cifras del Instituto Nacional de Estad\u00edstica y Censos (Indec), se\u00f1ala que,<strong> al mes de agosto, hab\u00eda 443.121 puestos de trabajo registrados<\/strong> en el sector de la construcci\u00f3n.<\/p>\n<p>&nbsp;<\/p>\n<p>De esta forma, desde enero de 2020 se sumaron 67.000 empleos m\u00e1s al sector, pese a que<strong> la obra p\u00fablica se ubica por debajo del promedio regional<\/strong> respecto al Producto Bruto Interno (PBI), de acuerdo con informes de la Comisi\u00f3n Econ\u00f3mica para Am\u00e9rica Latina y el Caribe (CEPAL).<\/p>\n<p>&nbsp;<\/p>\n<blockquote><p>\u201cLa obra p\u00fablica es una estrategia igualadora, que impacta en la vida de todas las personas que habitan el territorio argentino, y fortalece la activaci\u00f3n econ\u00f3mica, con una mirada federal\u201d, destac\u00f3 la directora nacional de Transparencia, Roxana Mazzola.<\/p><\/blockquote>\n<p>&nbsp;<\/p>\n<p>El sector dio as\u00ed un vuelco pasando de su <strong>pico m\u00e1s bajo en julio de 2020 (308.570 empleos)<\/strong> por el impacto de las restricciones sanitarias en la pandemia de coronavirus, a estar cerca de sus r\u00e9cords hist\u00f3ricos de 458.433 y 458.147 empleos de junio de 2015 y noviembre de 2017, respectivamente.<\/p>\n<p>&nbsp;<\/p>\n<p>Asimismo, el informe oficial precis\u00f3 que <strong>la mayor parte de puestos se crearon fuera de las grandes jurisdicciones<\/strong> y especialmente en las regiones de cuyo y noreste.<\/p>\n<p>&nbsp;<\/p>\n<p>En la comparaci\u00f3n interanual, entre agosto 2021 y agosto 2022 hubo un aumento en los puestos del trabajo del 17,9% seg\u00fan el Indec.<\/p>\n<p>&nbsp;<\/p>\n<p>Fuente: <em>Agencia DIB<\/em><\/p>\n","protected":false},"excerpt":{"rendered":"<p>En la comparaci\u00f3n interanual, entre agosto 2021 y agosto 2022 hubo un aumento en los puestos del trabajo del 17,9%<\/p>\n","protected":false},"author":4,"featured_media":62657,"comment_status":"closed","ping_status":"closed","sticky":false,"template":"","format":"standard","meta":{"_jetpack_memberships_contains_paid_content":false,"footnotes":""},"categories":[6,1],"tags":[],"class_list":["post-72145","post","type-post","status-publish","format-standard","has-post-thumbnail","hentry","category-nacionales","category-portada"],"jetpack_featured_media_url":"https:\/\/i0.wp.com\/cdnoticias.com\/wp-content\/uploads\/2022\/08\/DIB-construccion-00.jpg?fit=696%2C388&ssl=1","jetpack_sharing_enabled":true,"_links":{"self":[{"href":"https:\/\/cdnoticias.com\/index.php\/wp-json\/wp\/v2\/posts\/72145","targetHints":{"allow":["GET"]}}],"collection":[{"href":"https:\/\/cdnoticias.com\/index.php\/wp-json\/wp\/v2\/posts"}],"about":[{"href":"https:\/\/cdnoticias.com\/index.php\/wp-json\/wp\/v2\/types\/post"}],"author":[{"embeddable":true,"href":"https:\/\/cdnoticias.com\/index.php\/wp-json\/wp\/v2\/users\/4"}],"replies":[{"embeddable":true,"href":"https:\/\/cdnoticias.com\/index.php\/wp-json\/wp\/v2\/comments?post=72145"}],"version-history":[{"count":0,"href":"https:\/\/cdnoticias.com\/index.php\/wp-json\/wp\/v2\/posts\/72145\/revisions"}],"wp:featuredmedia":[{"embeddable":true,"href":"https:\/\/cdnoticias.com\/index.php\/wp-json\/wp\/v2\/media\/62657"}],"wp:attachment":[{"href":"https:\/\/cdnoticias.com\/index.php\/wp-json\/wp\/v2\/media?parent=72145"}],"wp:term":[{"taxonomy":"category","embeddable":true,"href":"https:\/\/cdnoticias.com\/index.php\/wp-json\/wp\/v2\/categories?post=72145"},{"taxonomy":"post_tag","embeddable":true,"href":"https:\/\/cdnoticias.com\/index.php\/wp-json\/wp\/v2\/tags?post=72145"}],"curies":[{"name":"wp","href":"https:\/\/api.w.org\/{rel}","templated":true}]}}