{"id":72135,"date":"2022-12-10T11:00:48","date_gmt":"2022-12-10T14:00:48","guid":{"rendered":"https:\/\/www.centraldenoticias.com.ar\/?p=72135"},"modified":"2022-12-10T11:46:44","modified_gmt":"2022-12-10T14:46:44","slug":"el-legado-de-raul-alfonsin-a-39-anos-de-la-recuperacion-democratica","status":"publish","type":"post","link":"https:\/\/cdnoticias.com\/index.php\/2022\/12\/10\/el-legado-de-raul-alfonsin-a-39-anos-de-la-recuperacion-democratica\/","title":{"rendered":"El legado de Ra\u00fal Alfons\u00edn, a 39 a\u00f1os de la recuperaci\u00f3n democr\u00e1tica"},"content":{"rendered":"<p>La presidenta electa de la UCR Olavarr\u00eda y concejal, Bel\u00e9n Vergel, record\u00f3 el aniversario de la asunci\u00f3n de la presidencia tras la dictadura.<!--more--><\/p>\n<hr \/>\n<p><strong>(*) Por Bel\u00e9n Vergel<\/strong><\/p>\n<p>&nbsp;<\/p>\n<p><em>Un a\u00f1o m\u00e1s de democracia, no es algo ef\u00edmero, nos conduce a recapacitar en todo lo que conlleva la recuperaci\u00f3n de derechos, la restauraci\u00f3n de las instituciones y, sobre todas las cosas, la vuelta a un estado de derecho.<\/em><\/p>\n<p>&nbsp;<\/p>\n<p><em>El hombre, el ciudadano, el padre de la democracia, el gran estadista fue quien permiti\u00f3 que el gobierno vuelva al pueblo. El doctor Raul Alfonsin, alguien indiscutible, un ser \u00fanico y esencial y fundamental para la Argentina de 1983 y para la posteridad, ese hecho hist\u00f3rico, que me enorgullece como ciudadana, y como radical.<\/em><\/p>\n<p>&nbsp;<\/p>\n<p><em>Sus ideas, valores, y principios, su mensaje qued\u00f3 claramente plasmado \u201cSigan a ideas, no sigan a hombres, fue mi mensaje a los j\u00f3venes. Los hombres pasan, las ideas quedan y se transforman en antorchas que mantienen viva a la pol\u00edtica democr\u00e1tica\u201d.<\/em><\/p>\n<p>&nbsp;<\/p>\n<p><img data-recalc-dims=\"1\" loading=\"lazy\" decoding=\"async\" class=\"size-full wp-image-72137 aligncenter\" src=\"https:\/\/i0.wp.com\/cdnoticias.com\/wp-content\/uploads\/2022\/12\/UCR-belen-vergel-0.jpg?resize=800%2C445&#038;ssl=1\" alt=\"\" width=\"800\" height=\"445\" srcset=\"https:\/\/i0.wp.com\/cdnoticias.com\/wp-content\/uploads\/2022\/12\/UCR-belen-vergel-0.jpg?w=800&amp;ssl=1 800w, https:\/\/i0.wp.com\/cdnoticias.com\/wp-content\/uploads\/2022\/12\/UCR-belen-vergel-0.jpg?resize=300%2C167&amp;ssl=1 300w, https:\/\/i0.wp.com\/cdnoticias.com\/wp-content\/uploads\/2022\/12\/UCR-belen-vergel-0.jpg?resize=768%2C427&amp;ssl=1 768w\" sizes=\"auto, (max-width: 800px) 100vw, 800px\" \/><\/p>\n<p>&nbsp;<\/p>\n<p><em>Su menci\u00f3n al pre\u00e1mbulo, era un deseo real y genuino, necesit\u00e1bamos y necesitamos aun, constituir la uni\u00f3n nacional, afianzar la justicia, consolidar la paz interior, proveer a la defensa com\u00fan, promover el bienestar general, y asegurar los beneficios de la libertad, para nosotros, para nuestra posteridad\u2026<\/em><\/p>\n<p>&nbsp;<\/p>\n<p><em>Su discurso de asunci\u00f3n, tan actual, y tan vigente, que nos lleva a reflexionar hoy, cuando dec\u00eda \u201cLa circunstancia no es propicia para la ret\u00f3rica. Es la hora de la acci\u00f3n y de la acci\u00f3n fecunda, decidida, comprometida e inmediata. Es la hora de hacer, de hacer bien, de hacer lo que la Rep\u00fablica reclama y el pueblo espera\u201d. Agregaba, \u201cLos pueblos, como los hombres, maduran en el sufrimiento y no ser\u00edamos dignos del nombre de pueblo si no fu\u00e9ramos capaces de aprender la lecci\u00f3n del dolor. Lo primero que no debemos olvidar es que lo m\u00e1s valioso que tiene nuestro pa\u00eds son los hombres y las mujeres que lo habitan\u201d.<\/em><\/p>\n<p>&nbsp;<\/p>\n<p><em>El presidente que nos leg\u00f3 la democracia, que breg\u00f3 cada instante de su vida por la libertad con su significado hist\u00f3rico, pol\u00edtico y social, nos convoca a consolidar y profundizar un verdadero estado de iure, por esto necesitamos el mayor de los compromisos de cada uno de nosotros para que con nuestro aporte cotidiano recuperemos los derechos que la democracia trae. Es imprescindible e impostergable tomar acciones concretas para salir de esta crisis que nos agobia. Creo fervientemente en la capacidad de este pueblo de madurar, m\u00e1xime luego de tanto sufrimiento, p\u00e9rdidas y dolor, tengo la esperanza de una Argentina mejor, que culmine la restauraci\u00f3n de la democracia que hace 39 a\u00f1os se inici\u00f3.<\/em><\/p>\n<p>&nbsp;<\/p>\n<p><em>Es el momento de que cada uno de nosotros, con nuestras banderas, con nuestra propia identidad nos unamos para proyectar, transformar nuestros espacios comunes y generar las mejores ideas, consensuando pol\u00edticas sustentables para todos. Es la hora de hacer. Por esto los invito a que juntos, pensemos en grande, y continuemos con el legado de Ra\u00fal Alfons\u00edn.<\/em><\/p>\n<p>&nbsp;<\/p>\n<p>(*) Concejal y Presidenta electa de la Uni\u00f3n C\u00edvica Radical de Olavarr\u00eda.<\/p>\n","protected":false},"excerpt":{"rendered":"<p>La presidenta electa de la UCR Olavarr\u00eda y concejal, Bel\u00e9n Vergel, record\u00f3 el aniversario de la asunci\u00f3n de la presidencia<\/p>\n","protected":false},"author":4,"featured_media":72136,"comment_status":"closed","ping_status":"closed","sticky":false,"template":"","format":"standard","meta":{"_jetpack_memberships_contains_paid_content":false,"footnotes":""},"categories":[4,1],"tags":[],"class_list":["post-72135","post","type-post","status-publish","format-standard","has-post-thumbnail","hentry","category-politica","category-portada"],"jetpack_featured_media_url":"https:\/\/i0.wp.com\/cdnoticias.com\/wp-content\/uploads\/2022\/12\/UCR-raul-alfonsin-1983-A.jpg?fit=800%2C445&ssl=1","jetpack_sharing_enabled":true,"_links":{"self":[{"href":"https:\/\/cdnoticias.com\/index.php\/wp-json\/wp\/v2\/posts\/72135","targetHints":{"allow":["GET"]}}],"collection":[{"href":"https:\/\/cdnoticias.com\/index.php\/wp-json\/wp\/v2\/posts"}],"about":[{"href":"https:\/\/cdnoticias.com\/index.php\/wp-json\/wp\/v2\/types\/post"}],"author":[{"embeddable":true,"href":"https:\/\/cdnoticias.com\/index.php\/wp-json\/wp\/v2\/users\/4"}],"replies":[{"embeddable":true,"href":"https:\/\/cdnoticias.com\/index.php\/wp-json\/wp\/v2\/comments?post=72135"}],"version-history":[{"count":0,"href":"https:\/\/cdnoticias.com\/index.php\/wp-json\/wp\/v2\/posts\/72135\/revisions"}],"wp:featuredmedia":[{"embeddable":true,"href":"https:\/\/cdnoticias.com\/index.php\/wp-json\/wp\/v2\/media\/72136"}],"wp:attachment":[{"href":"https:\/\/cdnoticias.com\/index.php\/wp-json\/wp\/v2\/media?parent=72135"}],"wp:term":[{"taxonomy":"category","embeddable":true,"href":"https:\/\/cdnoticias.com\/index.php\/wp-json\/wp\/v2\/categories?post=72135"},{"taxonomy":"post_tag","embeddable":true,"href":"https:\/\/cdnoticias.com\/index.php\/wp-json\/wp\/v2\/tags?post=72135"}],"curies":[{"name":"wp","href":"https:\/\/api.w.org\/{rel}","templated":true}]}}