{"id":7213,"date":"2020-11-23T20:15:17","date_gmt":"2020-11-23T23:15:17","guid":{"rendered":"http:\/\/www.centraldenoticias.com.ar\/?p=7213"},"modified":"2020-11-23T21:02:29","modified_gmt":"2020-11-24T00:02:29","slug":"controles-y-dispo-baile-en-el-parque-mitre-e-infracciones-de-todo-tipo","status":"publish","type":"post","link":"https:\/\/cdnoticias.com\/index.php\/2020\/11\/23\/controles-y-dispo-baile-en-el-parque-mitre-e-infracciones-de-todo-tipo\/","title":{"rendered":"Controles y DISPO: Baile en el Parque Mitre e infracciones de todo tipo"},"content":{"rendered":"<p>Incumplimiento del distanciamiento, reuniones sociales y alcoholemia. Todo en el siguiente art\u00edculo.<\/p>\n<p><!--more--><\/p>\n<hr \/>\n<p>Como sucede cada fin de semana, m\u00e1s a\u00fan cuando al receso por feriado se le a\u00f1ade un d\u00eda m\u00e1s, se intensificaron las <strong>tareas desde el \u00e1rea de Control Urbano Municipal en cuanto al cumplimiento de las medidas de aislamiento enmarcadas en la emergencia sanitaria por Coronavirus.<\/strong><\/p>\n<p>&nbsp;<\/p>\n<p>Sin dudas el caso m\u00e1s caracter\u00edstico se dio en el <strong>Parque Mitre, frente al monumento al General San Mart\u00edn<\/strong>, donde no solo pudo verse un importante grupo de gente, varios de ellos con reposeras y mesas, sino que adem\u00e1s fue el <strong>escenario improvisado de una suerte de baile popular<\/strong>. As\u00ed qued\u00f3 registrado en las im\u00e1genes que ya se encuentran a disposici\u00f3n del Juzgado de Faltas Municipal, que ahora deber\u00e1 expedirse.<\/p>\n<p>&nbsp;<\/p>\n<p><img data-recalc-dims=\"1\" loading=\"lazy\" decoding=\"async\" class=\"alignnone size-full wp-image-5441\" src=\"https:\/\/i0.wp.com\/cdnoticias.com\/wp-content\/uploads\/2020\/11\/control.jpg?resize=799%2C449&#038;ssl=1\" alt=\"\" width=\"799\" height=\"449\" srcset=\"https:\/\/i0.wp.com\/cdnoticias.com\/wp-content\/uploads\/2020\/11\/control.jpg?w=799&amp;ssl=1 799w, https:\/\/i0.wp.com\/cdnoticias.com\/wp-content\/uploads\/2020\/11\/control.jpg?resize=300%2C169&amp;ssl=1 300w, https:\/\/i0.wp.com\/cdnoticias.com\/wp-content\/uploads\/2020\/11\/control.jpg?resize=768%2C432&amp;ssl=1 768w\" sizes=\"auto, (max-width: 799px) 100vw, 799px\" \/><\/p>\n<p>&nbsp;<\/p>\n<p>Personal de Control Urbano, en tareas adicionales que son llevadas a cabo por agentes de la polic\u00eda Bonaerense, <strong>tomaron registro tanto en foto y video, e inclusive requirieron al Centro de Monitoreo Municipal que haga lo propio para poder avanzar en precisiones y, m\u00e1s a\u00fan, responsabilidades<\/strong> acerca de la presencia de m\u00fasicos en el lugar, a los cuales se plegaron vecinos bailaban en uno de los sectores m\u00e1s concurridos del Parque Mitre. Adem\u00e1s de estar prohibidos este tipo de eventos, <strong>el acento estuvo en el no cumplimiento del distanciamiento social y en la no utilizaci\u00f3n de tapa bocas.<\/strong><\/p>\n<p>&nbsp;<\/p>\n<p>Particular fue tambi\u00e9n lo que sucedi\u00f3 <strong>en Sierras Bayas en torno a una cervecer\u00eda<\/strong>, donde pudieron verse largas filas de personas y veh\u00edculos. Al igual que en el caso anterior, restar\u00e1 determinar qu\u00e9 tipo de responsabilidad les puede llegar a alcanzar a particulares sobre lo que sucede en espacios p\u00fablicos, ya que desde la firma serrana <strong>se explic\u00f3 que ellos se limitaron al expendio de la bebida en las condiciones y horarios permitidos, que la permanencia de las personas en sectores linderos escapaba a su control. En este caso tambi\u00e9n se tom\u00f3 registro de video y lo actuado fue puesto a disposici\u00f3n del Juzgado de Faltas.<\/strong><\/p>\n<p>&nbsp;<\/p>\n<p>En \u00e1mbito privado tambi\u00e9n se registraron numerosos encuentros sociales, varios de ellos detectados desde Control Urbano a partir de la denuncia de vecinos, tal cual sucede en la mayor\u00eda de los casos. As\u00ed sucedi\u00f3, por ejemplo, <strong>en domicilios de los barrios Pueblo Nuevo, Microcentro, Mariano Moreno y Facundo Quiroga.<\/strong><\/p>\n<p>&nbsp;<\/p>\n<p><em><strong>Alcoholemia y secuestros<\/strong><\/em><\/p>\n<p>&nbsp;<\/p>\n<p>Las tareas preventivas tambi\u00e9n incluyeron operativos viales, realizados de manera conjunta con personal del Comando de Patrullas. Tambi\u00e9n fueron constatadas situaciones de todo tipo, como fue el caso de <strong>un Chevrolet Corsa interceptado circulando en contramano pro avenida Del Valle entre Lavalle y Almirante Brown.<\/strong><\/p>\n<p>&nbsp;<\/p>\n<p>Cerca de all\u00ed, sobre Alsina entre General Paz y Coronel Su\u00e1rez fue retirado y <strong>llevado al Corral\u00f3n Municipal una Renault Kangoo que se encontraba frente al garaje de un domicilio particular<\/strong>. Por falta de documentaci\u00f3n tambi\u00e9n fueron infraccionados los conductores de un Peugeot 404, un Fiat Siena y Volkswagen Gol, adem\u00e1s de un ciclomotor Honda.<\/p>\n<p>&nbsp;<\/p>\n<p>Por \u00faltimo, en avenida Avellaneda entre Laprida y Saavedra fue interceptada una camioneta Partner debido a las maniobras peligrosas de su conductor. Al practic\u00e1rsele el test de alcoholemia<strong> se detect\u00f3 que circulaba con casi 2 gramos de alcohol en sangre, cuando lo permitido es 0,5.<\/strong><\/p>\n","protected":false},"excerpt":{"rendered":"<p>Incumplimiento del distanciamiento, reuniones sociales y alcoholemia. Todo en el siguiente art\u00edculo.<\/p>\n","protected":false},"author":3,"featured_media":7214,"comment_status":"closed","ping_status":"closed","sticky":false,"template":"","format":"standard","meta":{"_jetpack_memberships_contains_paid_content":false,"footnotes":""},"categories":[5,14,1],"tags":[],"class_list":["post-7213","post","type-post","status-publish","format-standard","has-post-thumbnail","hentry","category-informacion-general","category-policiales","category-portada"],"jetpack_featured_media_url":"https:\/\/i0.wp.com\/cdnoticias.com\/wp-content\/uploads\/2020\/11\/WhatsApp-Image-2020-11-23-at-10.45.49-e1606169218334.jpeg?fit=904%2C618&ssl=1","jetpack_sharing_enabled":true,"_links":{"self":[{"href":"https:\/\/cdnoticias.com\/index.php\/wp-json\/wp\/v2\/posts\/7213","targetHints":{"allow":["GET"]}}],"collection":[{"href":"https:\/\/cdnoticias.com\/index.php\/wp-json\/wp\/v2\/posts"}],"about":[{"href":"https:\/\/cdnoticias.com\/index.php\/wp-json\/wp\/v2\/types\/post"}],"author":[{"embeddable":true,"href":"https:\/\/cdnoticias.com\/index.php\/wp-json\/wp\/v2\/users\/3"}],"replies":[{"embeddable":true,"href":"https:\/\/cdnoticias.com\/index.php\/wp-json\/wp\/v2\/comments?post=7213"}],"version-history":[{"count":0,"href":"https:\/\/cdnoticias.com\/index.php\/wp-json\/wp\/v2\/posts\/7213\/revisions"}],"wp:featuredmedia":[{"embeddable":true,"href":"https:\/\/cdnoticias.com\/index.php\/wp-json\/wp\/v2\/media\/7214"}],"wp:attachment":[{"href":"https:\/\/cdnoticias.com\/index.php\/wp-json\/wp\/v2\/media?parent=7213"}],"wp:term":[{"taxonomy":"category","embeddable":true,"href":"https:\/\/cdnoticias.com\/index.php\/wp-json\/wp\/v2\/categories?post=7213"},{"taxonomy":"post_tag","embeddable":true,"href":"https:\/\/cdnoticias.com\/index.php\/wp-json\/wp\/v2\/tags?post=7213"}],"curies":[{"name":"wp","href":"https:\/\/api.w.org\/{rel}","templated":true}]}}