{"id":72092,"date":"2022-12-10T09:40:26","date_gmt":"2022-12-10T12:40:26","guid":{"rendered":"https:\/\/www.centraldenoticias.com.ar\/?p=72092"},"modified":"2022-12-10T09:40:26","modified_gmt":"2022-12-10T12:40:26","slug":"este-sabado-cafe-concert-lalta-gama","status":"publish","type":"post","link":"https:\/\/cdnoticias.com\/index.php\/2022\/12\/10\/este-sabado-cafe-concert-lalta-gama\/","title":{"rendered":"Este s\u00e1bado, Caf\u00e9 Concert &#8220;L&#8217;Alta Gama&#8221;"},"content":{"rendered":"<p>Act\u00faan Andrea Rodr\u00edguez, D\u00e9bora Silva, Lucy Iguerategui, Eduardo Bermejo, Enrique Martorano y Julio Ben\u00edtez. Ya se pueden reservar entradas.<!--more--><\/p>\n<hr \/>\n<p><strong>Nueva presentaci\u00f3n del Caf\u00e9 Concert &#8220;L&#8217;Alta Gama&#8221;<\/strong> para cerrar el a\u00f1o.<\/p>\n<p>&nbsp;<\/p>\n<p>Se har\u00e1 <strong>este s\u00e1bado a las 21 en la Mutual Moreno<\/strong>, de Collinet 4544.<\/p>\n<p>&nbsp;<\/p>\n<p><strong>Las entradas ya pueden reservarse al 15583744<\/strong>. El valor es de $500 para socios mientras que para p\u00fablico en general es de $700. Habr\u00e1 servicio de cantina.<\/p>\n<p>&nbsp;<\/p>\n<p>Act\u00faan: <strong>Andrea Rodr\u00edguez, D\u00e9bora Silva, Lucy Iguerategui, Eduardo Bermejo, Enrique Martorano y Julio Ben\u00edtez<\/strong>.<\/p>\n<p>&nbsp;<\/p>\n","protected":false},"excerpt":{"rendered":"<p>Act\u00faan Andrea Rodr\u00edguez, D\u00e9bora Silva, Lucy Iguerategui, Eduardo Bermejo, Enrique Martorano y Julio Ben\u00edtez. Ya se pueden reservar entradas.<\/p>\n","protected":false},"author":4,"featured_media":72093,"comment_status":"closed","ping_status":"closed","sticky":false,"template":"","format":"standard","meta":{"_jetpack_memberships_contains_paid_content":false,"footnotes":""},"categories":[9,1],"tags":[],"class_list":["post-72092","post","type-post","status-publish","format-standard","has-post-thumbnail","hentry","category-cultura","category-portada"],"jetpack_featured_media_url":"https:\/\/i0.wp.com\/cdnoticias.com\/wp-content\/uploads\/2022\/12\/macondo-cafe-concert.jpg?fit=800%2C444&ssl=1","jetpack_sharing_enabled":true,"_links":{"self":[{"href":"https:\/\/cdnoticias.com\/index.php\/wp-json\/wp\/v2\/posts\/72092","targetHints":{"allow":["GET"]}}],"collection":[{"href":"https:\/\/cdnoticias.com\/index.php\/wp-json\/wp\/v2\/posts"}],"about":[{"href":"https:\/\/cdnoticias.com\/index.php\/wp-json\/wp\/v2\/types\/post"}],"author":[{"embeddable":true,"href":"https:\/\/cdnoticias.com\/index.php\/wp-json\/wp\/v2\/users\/4"}],"replies":[{"embeddable":true,"href":"https:\/\/cdnoticias.com\/index.php\/wp-json\/wp\/v2\/comments?post=72092"}],"version-history":[{"count":0,"href":"https:\/\/cdnoticias.com\/index.php\/wp-json\/wp\/v2\/posts\/72092\/revisions"}],"wp:featuredmedia":[{"embeddable":true,"href":"https:\/\/cdnoticias.com\/index.php\/wp-json\/wp\/v2\/media\/72093"}],"wp:attachment":[{"href":"https:\/\/cdnoticias.com\/index.php\/wp-json\/wp\/v2\/media?parent=72092"}],"wp:term":[{"taxonomy":"category","embeddable":true,"href":"https:\/\/cdnoticias.com\/index.php\/wp-json\/wp\/v2\/categories?post=72092"},{"taxonomy":"post_tag","embeddable":true,"href":"https:\/\/cdnoticias.com\/index.php\/wp-json\/wp\/v2\/tags?post=72092"}],"curies":[{"name":"wp","href":"https:\/\/api.w.org\/{rel}","templated":true}]}}