{"id":72087,"date":"2022-12-09T13:24:57","date_gmt":"2022-12-09T16:24:57","guid":{"rendered":"https:\/\/www.centraldenoticias.com.ar\/?p=72087"},"modified":"2022-12-09T13:25:12","modified_gmt":"2022-12-09T16:25:12","slug":"galli-tambien-pidio-uso-racional-del-agua-y-siguen-las-quejas-el-servicio","status":"publish","type":"post","link":"https:\/\/cdnoticias.com\/index.php\/2022\/12\/09\/galli-tambien-pidio-uso-racional-del-agua-y-siguen-las-quejas-el-servicio\/","title":{"rendered":"Galli tambi\u00e9n pidi\u00f3 \u201cuso racional del agua\u201d y siguen las quejas por el servicio"},"content":{"rendered":"<p>En las \u00faltimas horas el jefe comunal pidi\u00f3 \u201cpaciencia\u201d a la comunidad. Muchos vecinos suman sus quejas por falta de agua en distintos barrios.<!--more--><\/p>\n<hr \/>\n<p>Tal como <strong>Central de Noticias<\/strong> inform\u00f3 este jueves que <a href=\"https:\/\/cdnoticias.com\/index.php\/2022\/12\/08\/crecieron-las-quejas-por-la-falta-de-agua-en-barrios-de-la-ciudad\/\" target=\"_blank\" rel=\"noopener\">se registr\u00f3 un <strong>incremento de las quejas<\/strong><\/a><strong> por falta del servicio de agua o su deficiente prestaci\u00f3n<\/strong> en numerosos puntos de Olavarr\u00eda, la situaci\u00f3n se repiti\u00f3 en lo que va del viernes.<\/p>\n<p>&nbsp;<\/p>\n<p>Usuarios de los<strong> barrios Ceco, Luj\u00e1n y Pueblo Nuevo en su mayor\u00eda<\/strong> se han manifestado con quejas este viernes, cuando adem\u00e1s <a href=\"https:\/\/cdnoticias.com\/index.php\/2022\/12\/09\/calor-se-supero-la-maxima-y-hay-alerta-amarillo-en-olavarria\/\" target=\"_blank\" rel=\"noopener\">la temperatura ya super\u00f3 la m\u00e1xima prevista<\/a> y Olavarr\u00eda ingres\u00f3 en alerta amarillo por el calor.<\/p>\n<p>&nbsp;<\/p>\n<blockquote class=\"twitter-tweet\">\n<p dir=\"ltr\" lang=\"es\">Hagamos uso racional del agua y tengamos paciencia que poco a poco se normalizar\u00e1 el servicio. \ud83d\udca6<\/p>\n<p>\u2014 Ezequiel Galli (@ezequielgalli) <a href=\"https:\/\/twitter.com\/ezequielgalli\/status\/1600915917982109709?ref_src=twsrc%5Etfw\">December 8, 2022<\/a><\/p><\/blockquote>\n<p><script async src=\"https:\/\/platform.twitter.com\/widgets.js\" charset=\"utf-8\"><\/script><\/p>\n<p>&nbsp;<\/p>\n<p>Entre el jueves y el viernes, <strong>Ezequiel Galli se expres\u00f3 en sus redes sociales<\/strong> para <a href=\"https:\/\/cdnoticias.com\/index.php\/2022\/12\/08\/por-el-temporal-hubo-danos-en-postes-y-lineas-de-media-tension\/\" target=\"_blank\" rel=\"noopener\">sumarse al pedido de Coopelectric<\/a> de hacer <strong>uso racional del agua<\/strong>. El jefe comunal aludi\u00f3 a la tormenta del jueves por la madrugada para se\u00f1alar que ocasion\u00f3 \u201cfalta de agua en distintos barrios de la ciudad\u201d y solicitar que \u201chagamos uso racional del agua y tengamos paciencia que poco a poco se normalizar\u00e1 el servicio\u201d.<\/p>\n<p>&nbsp;<\/p>\n<p>Ante la queja de uno de los usuarios en Twitter, el Intendente a\u00f1adi\u00f3 que<strong> \u201csiempre en esta \u00e9poca, por el llenado de piletas y altas temperaturas, escasea y hay baja presi\u00f3n. Sumado a los nuevos barrios que se agregan a la red\u201d<\/strong>.<\/p>\n<p>&nbsp;<\/p>\n<blockquote><p>Y agreg\u00f3 las obras realizadas y que se prev\u00e9n para mejorar el aprovisionamiento del recurso: \u201cdesde que asum\u00ed llevamos hechos 9 pozos y en 2023 tenemos previsto hacer 2 m\u00e1s\u201d adelant\u00f3 Galli.<\/p><\/blockquote>\n<p>&nbsp;<\/p>\n","protected":false},"excerpt":{"rendered":"<p>En las \u00faltimas horas el jefe comunal pidi\u00f3 \u201cpaciencia\u201d a la comunidad. Muchos vecinos suman sus quejas por falta de<\/p>\n","protected":false},"author":4,"featured_media":67113,"comment_status":"closed","ping_status":"closed","sticky":false,"template":"","format":"standard","meta":{"_jetpack_memberships_contains_paid_content":false,"footnotes":""},"categories":[5,1],"tags":[],"class_list":["post-72087","post","type-post","status-publish","format-standard","has-post-thumbnail","hentry","category-informacion-general","category-portada"],"jetpack_featured_media_url":"https:\/\/i0.wp.com\/cdnoticias.com\/wp-content\/uploads\/2022\/10\/galli-pase-libre-transporte-scaled.jpg?fit=2560%2C1536&ssl=1","jetpack_sharing_enabled":true,"_links":{"self":[{"href":"https:\/\/cdnoticias.com\/index.php\/wp-json\/wp\/v2\/posts\/72087","targetHints":{"allow":["GET"]}}],"collection":[{"href":"https:\/\/cdnoticias.com\/index.php\/wp-json\/wp\/v2\/posts"}],"about":[{"href":"https:\/\/cdnoticias.com\/index.php\/wp-json\/wp\/v2\/types\/post"}],"author":[{"embeddable":true,"href":"https:\/\/cdnoticias.com\/index.php\/wp-json\/wp\/v2\/users\/4"}],"replies":[{"embeddable":true,"href":"https:\/\/cdnoticias.com\/index.php\/wp-json\/wp\/v2\/comments?post=72087"}],"version-history":[{"count":0,"href":"https:\/\/cdnoticias.com\/index.php\/wp-json\/wp\/v2\/posts\/72087\/revisions"}],"wp:featuredmedia":[{"embeddable":true,"href":"https:\/\/cdnoticias.com\/index.php\/wp-json\/wp\/v2\/media\/67113"}],"wp:attachment":[{"href":"https:\/\/cdnoticias.com\/index.php\/wp-json\/wp\/v2\/media?parent=72087"}],"wp:term":[{"taxonomy":"category","embeddable":true,"href":"https:\/\/cdnoticias.com\/index.php\/wp-json\/wp\/v2\/categories?post=72087"},{"taxonomy":"post_tag","embeddable":true,"href":"https:\/\/cdnoticias.com\/index.php\/wp-json\/wp\/v2\/tags?post=72087"}],"curies":[{"name":"wp","href":"https:\/\/api.w.org\/{rel}","templated":true}]}}