{"id":72081,"date":"2022-12-09T12:29:48","date_gmt":"2022-12-09T15:29:48","guid":{"rendered":"https:\/\/www.centraldenoticias.com.ar\/?p=72081"},"modified":"2022-12-09T15:00:54","modified_gmt":"2022-12-09T18:00:54","slug":"calor-se-supero-la-maxima-y-hay-alerta-amarillo-en-olavarria","status":"publish","type":"post","link":"https:\/\/cdnoticias.com\/index.php\/2022\/12\/09\/calor-se-supero-la-maxima-y-hay-alerta-amarillo-en-olavarria\/","title":{"rendered":"Calor: se super\u00f3 la m\u00e1xima y hay alerta amarillo en Olavarr\u00eda"},"content":{"rendered":"<p>Lo inform\u00f3 la Estaci\u00f3n Meteorol\u00f3gica local. A las 11 el registro de la temperatura alcanz\u00f3 32,4\u00ba.<!--more--><\/p>\n<hr \/>\n<p><strong>La ola de calor que afecta a gran parte del pa\u00eds dej\u00f3 a nuestra ciudad ubicada en el nivel de alerta amarillo<\/strong> en la ma\u00f1ana de este viernes, <a href=\"https:\/\/cdnoticias.com\/index.php\/2022\/12\/08\/alerta-amarilla-por-altas-temperaturas-para-olavarria\/\" target=\"_blank\" rel=\"noopener\">tal como hab\u00eda sucedido el jueves<\/a>.<\/p>\n<p>&nbsp;<\/p>\n<p>As\u00ed lo expuso la <strong>Estaci\u00f3n Meteorol\u00f3gica local ubicada en el Aer\u00f3dromo<\/strong> que adem\u00e1s en sus habituales informes con los registros de temperatura y humedad evidenci\u00f3 que <strong>ya se super\u00f3 la temperatura m\u00e1xima pronosticada.<\/strong><\/p>\n<p>&nbsp;<\/p>\n<blockquote><p>En ese sentido, a las 11 horas la temperatura alcanz\u00f3 32,4\u00ba cuando la m\u00e1xima prevista era de 32\u00ba. La humedad es muy baja para nuestra regi\u00f3n, se ubic\u00f3 en 35%.<\/p><\/blockquote>\n<p>&nbsp;<\/p>\n<p><img data-recalc-dims=\"1\" loading=\"lazy\" decoding=\"async\" class=\"size-full wp-image-72082 aligncenter\" src=\"https:\/\/i0.wp.com\/cdnoticias.com\/wp-content\/uploads\/2022\/12\/SMN-0-temperatura-maxima-superada-calor.jpg?resize=800%2C236&#038;ssl=1\" alt=\"\" width=\"800\" height=\"236\" srcset=\"https:\/\/i0.wp.com\/cdnoticias.com\/wp-content\/uploads\/2022\/12\/SMN-0-temperatura-maxima-superada-calor.jpg?w=800&amp;ssl=1 800w, https:\/\/i0.wp.com\/cdnoticias.com\/wp-content\/uploads\/2022\/12\/SMN-0-temperatura-maxima-superada-calor.jpg?resize=300%2C89&amp;ssl=1 300w, https:\/\/i0.wp.com\/cdnoticias.com\/wp-content\/uploads\/2022\/12\/SMN-0-temperatura-maxima-superada-calor.jpg?resize=768%2C227&amp;ssl=1 768w\" sizes=\"auto, (max-width: 800px) 100vw, 800px\" \/><\/p>\n<p>&nbsp;<\/p>\n<p>Se agreg\u00f3 que <strong>Olavarr\u00eda ingres\u00f3 en el nivel de alerta amarillo del Servicio Meteorol\u00f3gico Nacional<\/strong> que supone <strong>\u201cefecto leve a moderado en la salud\u201d<\/strong>. <em>Las temperaturas alcanzadas \u201cpueden ser peligrosas sobre todo para los grupos de riesgo\u201d de la poblaci\u00f3n<\/em>.<\/p>\n<p>&nbsp;<\/p>\n<p>Son en total <strong>ocho los distritos del centro bonaerense en el mismo nivel de alerta<\/strong>. Junto con Olavarr\u00eda se cuentan Azul, La Madrid, Laprida, Rauch y Tapalqu\u00e9. Adem\u00e1s, parcialmente est\u00e1n alcanzados Benito Ju\u00e1rez y Tandil.<\/p>\n<p>&nbsp;<\/p>\n<p><img data-recalc-dims=\"1\" loading=\"lazy\" decoding=\"async\" class=\"size-full wp-image-72085 aligncenter\" src=\"https:\/\/i0.wp.com\/cdnoticias.com\/wp-content\/uploads\/2022\/12\/SMN-0-pronostico-extendido.jpg?resize=800%2C295&#038;ssl=1\" alt=\"\" width=\"800\" height=\"295\" srcset=\"https:\/\/i0.wp.com\/cdnoticias.com\/wp-content\/uploads\/2022\/12\/SMN-0-pronostico-extendido.jpg?w=800&amp;ssl=1 800w, https:\/\/i0.wp.com\/cdnoticias.com\/wp-content\/uploads\/2022\/12\/SMN-0-pronostico-extendido.jpg?resize=300%2C111&amp;ssl=1 300w, https:\/\/i0.wp.com\/cdnoticias.com\/wp-content\/uploads\/2022\/12\/SMN-0-pronostico-extendido.jpg?resize=768%2C283&amp;ssl=1 768w\" sizes=\"auto, (max-width: 800px) 100vw, 800px\" \/><\/p>\n<p>&nbsp;<\/p>\n<p>En tanto, <strong>se pronosticaron para la tarde probables tormentas aisladas<\/strong>, aunque cabe se\u00f1alar que la probabilidad es baja.<\/p>\n<p>&nbsp;<\/p>\n<p>El pron\u00f3stico extendido del SMN muestra hasta este mediod\u00eda que<strong> reci\u00e9n en la jornada del lunes llegar\u00e1 un alivio<\/strong> con temperaturas menores a 30\u00ba: para ese d\u00eda las marcas t\u00e9rmicas previstas est\u00e1n entre 15\u00ba y 23\u00ba.<\/p>\n<p>&nbsp;<\/p>\n<blockquote class=\"wp-embedded-content\" data-secret=\"T4GQyDoNTt\"><p><a href=\"https:\/\/cdnoticias.com\/index.php\/2022\/12\/08\/el-ministerio-de-salud-dio-recomendaciones-para-afrontar-las-altas-temperaturas\/\">El Ministerio de Salud dio recomendaciones para afrontar las altas temperaturas<\/a><\/p><\/blockquote>\n<p><iframe loading=\"lazy\" class=\"wp-embedded-content\" sandbox=\"allow-scripts\" security=\"restricted\" style=\"position: absolute; clip: rect(1px, 1px, 1px, 1px);\" title=\"&#8220;El Ministerio de Salud dio recomendaciones para afrontar las altas temperaturas&#8221; &#8212; Central de Noticias | Olavarr\u00eda\" src=\"https:\/\/cdnoticias.com\/index.php\/2022\/12\/08\/el-ministerio-de-salud-dio-recomendaciones-para-afrontar-las-altas-temperaturas\/embed\/#?secret=M8maqpWz1a#?secret=T4GQyDoNTt\" data-secret=\"T4GQyDoNTt\" width=\"600\" height=\"338\" frameborder=\"0\" marginwidth=\"0\" marginheight=\"0\" scrolling=\"no\"><\/iframe><\/p>\n<p>&nbsp;<\/p>\n<p><span style=\"text-decoration: underline;\"><strong>La ola de calor afecta a todo el pa\u00eds<\/strong><\/span><\/p>\n<p>&nbsp;<\/p>\n<p><strong>La ciudad de Buenos Aires y localidades de diez provincias se encuentran este viernes bajo alerta roja<\/strong>, la m\u00e1xima establecida por el Servicio Meteorol\u00f3gico Nacional (SMN) a ra\u00edz de altas temperaturas por calor, mientras los term\u00f3metros en el norte del pa\u00eds superaron los 30 grados de sensaci\u00f3n t\u00e9rmica de acuerdo al r\u00e1nking de la hora 7 difundido por el organismo meteorol\u00f3gico.<\/p>\n<p>&nbsp;<\/p>\n<p>Con <strong>m\u00e1ximas pronosticadas de 42 y 43 grados<\/strong> para la jornada, en la totalidad de las provincias de <strong>La Rioja y Catamarca<\/strong> rige la alerta roja porque las temperaturas que se registrar\u00e1n durante la jornada del viernes son consideradas \u201cmuy peligrosas y pueden afectar a todas las personas, incluso a las saludables\u201d.<\/p>\n<p>&nbsp;<\/p>\n<p>La misma advertencia abarca el noroeste de<strong> San Juan, norte de San Luis, este de Mendoza, sur de Santa Fe y de Entre R\u00edos, y gran parte de C\u00f3rdoba y Corrientes<\/strong>.<\/p>\n<p>&nbsp;<\/p>\n<p><img data-recalc-dims=\"1\" loading=\"lazy\" decoding=\"async\" class=\"size-full wp-image-72083 aligncenter\" src=\"https:\/\/i0.wp.com\/cdnoticias.com\/wp-content\/uploads\/2022\/12\/TELAM-calor.jpg?resize=800%2C445&#038;ssl=1\" alt=\"\" width=\"800\" height=\"445\" srcset=\"https:\/\/i0.wp.com\/cdnoticias.com\/wp-content\/uploads\/2022\/12\/TELAM-calor.jpg?w=800&amp;ssl=1 800w, https:\/\/i0.wp.com\/cdnoticias.com\/wp-content\/uploads\/2022\/12\/TELAM-calor.jpg?resize=300%2C167&amp;ssl=1 300w, https:\/\/i0.wp.com\/cdnoticias.com\/wp-content\/uploads\/2022\/12\/TELAM-calor.jpg?resize=768%2C427&amp;ssl=1 768w\" sizes=\"auto, (max-width: 800px) 100vw, 800px\" \/><\/p>\n<p>&nbsp;<\/p>\n<p>La <strong>ciudad de Buenos y varios partidos del conurbano bonaerense<\/strong>, donde se aguardan m\u00e1ximas de 36 grados, tambi\u00e9n continuaban con <strong>alerta roja<\/strong> para este feriado puente.<\/p>\n<p>&nbsp;<\/p>\n<p><strong>El resto de las provincias del norte y centro del pa\u00eds tambi\u00e9n estaban bajo alerta<\/strong> meteorol\u00f3gico por calor, pero con niveles amarillo y naranja.<\/p>\n<p>&nbsp;<\/p>\n<blockquote><p>Para todos los casos, el SMN recomend\u00f3 aumentar el consumo de agua, no exponerse al sol en exceso, ni en horas centrales del d\u00eda (entre las 10 y las 16), evitar comidas muy abundantes y prestar atenci\u00f3n a beb\u00e9s, ni\u00f1os y ni\u00f1as y a las personas mayores.<\/p><\/blockquote>\n<p>&nbsp;<\/p>\n<p>En ese sentido, <a href=\"https:\/\/cdnoticias.com\/index.php\/2022\/12\/08\/el-ministerio-de-salud-dio-recomendaciones-para-afrontar-las-altas-temperaturas\/\" target=\"_blank\" rel=\"noopener\">la Gobernaci\u00f3n bonaerense emiti\u00f3 el jueves un informe especial<\/a> con recomendaciones para evitar afectaci\u00f3n de la salud ante la ola de calor.<\/p>\n<p>&nbsp;<\/p>\n","protected":false},"excerpt":{"rendered":"<p>Lo inform\u00f3 la Estaci\u00f3n Meteorol\u00f3gica local. A las 11 el registro de la temperatura alcanz\u00f3 32,4\u00ba.<\/p>\n","protected":false},"author":4,"featured_media":72084,"comment_status":"closed","ping_status":"closed","sticky":false,"template":"","format":"standard","meta":{"_jetpack_memberships_contains_paid_content":false,"footnotes":""},"categories":[5,1],"tags":[],"class_list":["post-72081","post","type-post","status-publish","format-standard","has-post-thumbnail","hentry","category-informacion-general","category-portada"],"jetpack_featured_media_url":"https:\/\/i0.wp.com\/cdnoticias.com\/wp-content\/uploads\/2022\/12\/SMN-0-alerta.jpg?fit=800%2C445&ssl=1","jetpack_sharing_enabled":true,"_links":{"self":[{"href":"https:\/\/cdnoticias.com\/index.php\/wp-json\/wp\/v2\/posts\/72081","targetHints":{"allow":["GET"]}}],"collection":[{"href":"https:\/\/cdnoticias.com\/index.php\/wp-json\/wp\/v2\/posts"}],"about":[{"href":"https:\/\/cdnoticias.com\/index.php\/wp-json\/wp\/v2\/types\/post"}],"author":[{"embeddable":true,"href":"https:\/\/cdnoticias.com\/index.php\/wp-json\/wp\/v2\/users\/4"}],"replies":[{"embeddable":true,"href":"https:\/\/cdnoticias.com\/index.php\/wp-json\/wp\/v2\/comments?post=72081"}],"version-history":[{"count":0,"href":"https:\/\/cdnoticias.com\/index.php\/wp-json\/wp\/v2\/posts\/72081\/revisions"}],"wp:featuredmedia":[{"embeddable":true,"href":"https:\/\/cdnoticias.com\/index.php\/wp-json\/wp\/v2\/media\/72084"}],"wp:attachment":[{"href":"https:\/\/cdnoticias.com\/index.php\/wp-json\/wp\/v2\/media?parent=72081"}],"wp:term":[{"taxonomy":"category","embeddable":true,"href":"https:\/\/cdnoticias.com\/index.php\/wp-json\/wp\/v2\/categories?post=72081"},{"taxonomy":"post_tag","embeddable":true,"href":"https:\/\/cdnoticias.com\/index.php\/wp-json\/wp\/v2\/tags?post=72081"}],"curies":[{"name":"wp","href":"https:\/\/api.w.org\/{rel}","templated":true}]}}