{"id":72065,"date":"2022-12-09T09:11:50","date_gmt":"2022-12-09T12:11:50","guid":{"rendered":"https:\/\/www.centraldenoticias.com.ar\/?p=72065"},"modified":"2022-12-09T09:11:50","modified_gmt":"2022-12-09T12:11:50","slug":"maria-cecilia-gonzalez-de-cervino-q-e-p-d","status":"publish","type":"post","link":"https:\/\/cdnoticias.com\/index.php\/2022\/12\/09\/maria-cecilia-gonzalez-de-cervino-q-e-p-d\/","title":{"rendered":"Mar\u00eda Cecilia Gonz\u00e1lez de Cervino (Q.E.P.D.)"},"content":{"rendered":"<p>&nbsp;<\/p>\n<p>Falleci\u00f3 en Olavarr\u00eda el d\u00eda 8 de diciembre de 2022 a los 59 a\u00f1os de edad.<\/p>\n<p>&nbsp;<\/p>\n<p>Velatorio: Espa\u00f1a 2942 Sala &#8220;A&#8221;. Responso: Capilla Ardiente. Inhumaci\u00f3n: Loma de Paz, viernes 9 de diciembre a las 11:30.<\/p>\n<p>&nbsp;<\/p>\n<p>Barrio en el que viv\u00eda: Alberdi.<\/p>\n<p>&nbsp;<\/p>\n<p>Lugar de nacimiento: Olavarr\u00eda.<\/p>\n<p>&nbsp;<\/p>\n<p>Actividad que desarrollaba: Pensionada.<\/p>\n<p>&nbsp;<\/p>\n","protected":false},"excerpt":{"rendered":"<p>&nbsp; Falleci\u00f3 en Olavarr\u00eda el d\u00eda 8 de diciembre de 2022 a los 59 a\u00f1os de edad. &nbsp; Velatorio: Espa\u00f1a<\/p>\n","protected":false},"author":4,"featured_media":67646,"comment_status":"closed","ping_status":"closed","sticky":false,"template":"","format":"standard","meta":{"_jetpack_memberships_contains_paid_content":false,"footnotes":""},"categories":[10],"tags":[],"class_list":["post-72065","post","type-post","status-publish","format-standard","has-post-thumbnail","hentry","category-necrologicas"],"jetpack_featured_media_url":"https:\/\/i0.wp.com\/cdnoticias.com\/wp-content\/uploads\/2022\/10\/necrologicas-390-x-240.jpg?fit=390%2C240&ssl=1","jetpack_sharing_enabled":true,"_links":{"self":[{"href":"https:\/\/cdnoticias.com\/index.php\/wp-json\/wp\/v2\/posts\/72065","targetHints":{"allow":["GET"]}}],"collection":[{"href":"https:\/\/cdnoticias.com\/index.php\/wp-json\/wp\/v2\/posts"}],"about":[{"href":"https:\/\/cdnoticias.com\/index.php\/wp-json\/wp\/v2\/types\/post"}],"author":[{"embeddable":true,"href":"https:\/\/cdnoticias.com\/index.php\/wp-json\/wp\/v2\/users\/4"}],"replies":[{"embeddable":true,"href":"https:\/\/cdnoticias.com\/index.php\/wp-json\/wp\/v2\/comments?post=72065"}],"version-history":[{"count":0,"href":"https:\/\/cdnoticias.com\/index.php\/wp-json\/wp\/v2\/posts\/72065\/revisions"}],"wp:featuredmedia":[{"embeddable":true,"href":"https:\/\/cdnoticias.com\/index.php\/wp-json\/wp\/v2\/media\/67646"}],"wp:attachment":[{"href":"https:\/\/cdnoticias.com\/index.php\/wp-json\/wp\/v2\/media?parent=72065"}],"wp:term":[{"taxonomy":"category","embeddable":true,"href":"https:\/\/cdnoticias.com\/index.php\/wp-json\/wp\/v2\/categories?post=72065"},{"taxonomy":"post_tag","embeddable":true,"href":"https:\/\/cdnoticias.com\/index.php\/wp-json\/wp\/v2\/tags?post=72065"}],"curies":[{"name":"wp","href":"https:\/\/api.w.org\/{rel}","templated":true}]}}