{"id":72040,"date":"2022-12-08T08:51:46","date_gmt":"2022-12-08T11:51:46","guid":{"rendered":"https:\/\/www.centraldenoticias.com.ar\/?p=72040"},"modified":"2022-12-08T08:51:46","modified_gmt":"2022-12-08T11:51:46","slug":"la-ola-de-calor-un-anticipo-de-lo-que-se-vivira-este-verano","status":"publish","type":"post","link":"https:\/\/cdnoticias.com\/index.php\/2022\/12\/08\/la-ola-de-calor-un-anticipo-de-lo-que-se-vivira-este-verano\/","title":{"rendered":"La ola de calor, un anticipo de lo que se vivir\u00e1 este verano"},"content":{"rendered":"<p>As\u00ed lo inform\u00f3 el Servicio Meteorol\u00f3gico Nacional. Se prev\u00e9 el registro de temperaturas r\u00e9cord por encima de los 40 grados, consumo el\u00e9ctrico hist\u00f3rico y cortes de energ\u00eda. <!--more--><\/p>\n<hr \/>\n<p>Luego de un verano \u201ccaliente\u201d y una semana con altas temperaturas previo al nuevo periodo veraniego de 2022\/2023,<strong> el Servicio Meteorol\u00f3gico Nacional se\u00f1al\u00f3 que esto fue solo un anticipo de lo que se vivir\u00e1 en los pr\u00f3ximos meses, con temperaturas que superar\u00e1n los 40 grados, calor extremo, consumo el\u00e9ctrico con r\u00e9cords y probablemente con cortes.<\/strong><\/p>\n<p>&nbsp;<\/p>\n<p><strong>El SMN estim\u00f3 que en enero y febrero de 2023 el panorama tambi\u00e9n ser\u00e1 complejo.<\/strong> Es decir, con una temperatura media m\u00e1s c\u00e1lida que lo habitual, no s\u00f3lo para la Provincia de Buenos Aires sino tambi\u00e9n para otras regiones como el sur del Litoral, centro-sur de Santa Fe, C\u00f3rdoba, La Pampa y el norte y centro de Patagonia.<\/p>\n<p>&nbsp;<\/p>\n<p>Seg\u00fan el <strong>Pron\u00f3stico Clim\u00e1tico Trimestral del SMN para diciembre, enero y febrero, casi la totalidad de los 135 distritos bonaerenses atravesar\u00e1n temperaturas superiores a las normales<\/strong>. De esta manera, se espera unos meses complicados por el calor y sus consecuencias, como es la falta de agua o los cortes de luz a ra\u00edz de los consumos r\u00e9cord de energ\u00eda.<\/p>\n<p>&nbsp;<\/p>\n<p>De hecho, <strong>en el verano pasado la ola de calor afect\u00f3 durante dos semanas a 24 localidades que batieron r\u00e9cords hist\u00f3ricos de temperaturas extremas.<\/strong> Ejemplo de eso fueron los 42,4\u00b0C que se registraron el 14 de enero en Mar del Plata, una marca in\u00e9dita, o La Plata que super\u00f3 los 40 grados, el m\u00e1ximo registro t\u00e9rmico de la \u00faltima d\u00e9cada.<\/p>\n<p>&nbsp;<\/p>\n<p>Pero <strong>varias ciudades m\u00e1s superaron a principio de este a\u00f1o la barrera de los 40\u00b0C<\/strong>, como Villa Gesell; 9 de Julio; Dolores; Benito Ju\u00e1rez; Pehuaj\u00f3; Las Flores; Tandil y Trenque Lauquen. Adem\u00e1s, en enero las m\u00ednimas se ubicaron algunos d\u00edas por encima de los 23 grados en el noroeste bonaerense, y de 21 grados en el centro. Y en Capital Federal, durante la madrugada del 15 de enero la temperatura no descendi\u00f3 de los 30\u00b0C en toda la noche, y marc\u00f3 un nuevo r\u00e9cord de temperatura m\u00ednima m\u00e1s alta desde 1906.<\/p>\n<p>&nbsp;<\/p>\n<p><strong>Tambi\u00e9n para el trimestre se esperan menos lluvias que lo habitual.<\/strong> Dadas las condiciones actuales de sequ\u00eda sobre una amplia regi\u00f3n bonaerense y ante la persistencia del fen\u00f3meno de \u201cLa Ni\u00f1a\u201d sumado a un pron\u00f3stico desfavorable en cuanto a precipitaciones, la mitad del territorio recibir\u00e1 \u201cmenos agua\u201d que lo habitual. De hecho, la regi\u00f3n norte y noreste pareciera la m\u00e1s complicada hasta fines de febrero. Mientras que para los distritos del centro hacia la frontera con La Pampa se esperan lluvias habituales para la \u00e9poca.<\/p>\n","protected":false},"excerpt":{"rendered":"<p>As\u00ed lo inform\u00f3 el Servicio Meteorol\u00f3gico Nacional. Se prev\u00e9 el registro de temperaturas r\u00e9cord por encima de los 40 grados,<\/p>\n","protected":false},"author":2,"featured_media":34834,"comment_status":"closed","ping_status":"closed","sticky":false,"template":"","format":"standard","meta":{"_jetpack_memberships_contains_paid_content":false,"footnotes":""},"categories":[5,1],"tags":[],"class_list":["post-72040","post","type-post","status-publish","format-standard","has-post-thumbnail","hentry","category-informacion-general","category-portada"],"jetpack_featured_media_url":"https:\/\/i0.wp.com\/cdnoticias.com\/wp-content\/uploads\/2021\/10\/5a58ba6916a831515764329.jpg?fit=2199%2C1381&ssl=1","jetpack_sharing_enabled":true,"_links":{"self":[{"href":"https:\/\/cdnoticias.com\/index.php\/wp-json\/wp\/v2\/posts\/72040","targetHints":{"allow":["GET"]}}],"collection":[{"href":"https:\/\/cdnoticias.com\/index.php\/wp-json\/wp\/v2\/posts"}],"about":[{"href":"https:\/\/cdnoticias.com\/index.php\/wp-json\/wp\/v2\/types\/post"}],"author":[{"embeddable":true,"href":"https:\/\/cdnoticias.com\/index.php\/wp-json\/wp\/v2\/users\/2"}],"replies":[{"embeddable":true,"href":"https:\/\/cdnoticias.com\/index.php\/wp-json\/wp\/v2\/comments?post=72040"}],"version-history":[{"count":0,"href":"https:\/\/cdnoticias.com\/index.php\/wp-json\/wp\/v2\/posts\/72040\/revisions"}],"wp:featuredmedia":[{"embeddable":true,"href":"https:\/\/cdnoticias.com\/index.php\/wp-json\/wp\/v2\/media\/34834"}],"wp:attachment":[{"href":"https:\/\/cdnoticias.com\/index.php\/wp-json\/wp\/v2\/media?parent=72040"}],"wp:term":[{"taxonomy":"category","embeddable":true,"href":"https:\/\/cdnoticias.com\/index.php\/wp-json\/wp\/v2\/categories?post=72040"},{"taxonomy":"post_tag","embeddable":true,"href":"https:\/\/cdnoticias.com\/index.php\/wp-json\/wp\/v2\/tags?post=72040"}],"curies":[{"name":"wp","href":"https:\/\/api.w.org\/{rel}","templated":true}]}}