{"id":72037,"date":"2022-12-08T08:28:04","date_gmt":"2022-12-08T11:28:04","guid":{"rendered":"https:\/\/www.centraldenoticias.com.ar\/?p=72037"},"modified":"2022-12-08T08:28:04","modified_gmt":"2022-12-08T11:28:04","slug":"fiesta-de-la-inmaculada-concepcion-de-la-virgen-maria-procesion-y-misa-en-el-parque-mitre","status":"publish","type":"post","link":"https:\/\/cdnoticias.com\/index.php\/2022\/12\/08\/fiesta-de-la-inmaculada-concepcion-de-la-virgen-maria-procesion-y-misa-en-el-parque-mitre\/","title":{"rendered":"Fiesta de la Inmaculada Concepci\u00f3n de la Virgen Mar\u00eda: Procesi\u00f3n y misa en el Parque Mitre"},"content":{"rendered":"<p>Padres de tres importantes parroquias locales convocaron a la comunidad y las fuerzas vivas de la ciudad a participar. C\u00f3mo ser\u00e1 el cronograma. <!--more--><\/p>\n<hr \/>\n<p>Este jueves, en el marco de la celebraci\u00f3n cat\u00f3lica de la Fiesta de la Inmaculada Concepci\u00f3n de la Virgen Mar\u00eda,<strong> se realizar\u00e1 una procesi\u00f3n y misa en el Parque Mitre.<\/strong><\/p>\n<p>&nbsp;<\/p>\n<p>Al menos tres parroquias de la ciudad organizan esta actividad que finalizar\u00e1 en el Parque, pero <strong>comenzar\u00e1 a las 18:00 horas con una concentraci\u00f3n en el Paseo Jes\u00fas Mend\u00eda.<\/strong><\/p>\n<p>&nbsp;<\/p>\n<blockquote><p>Desde all\u00ed, se realizar\u00e1 una procesi\u00f3n con ni\u00f1os y una imagen de la Virgen Mar\u00eda hasta Brown y \u00c1lvaro Barros.<\/p><\/blockquote>\n<p>&nbsp;<\/p>\n<p>Luego, <strong>se rezar\u00e1 un rosario y se realizar\u00e1 una Misa en ese lugar a las 18:30 horas<\/strong>, la cual ser\u00e1 concelebrada por sacerdotes de las parroquias de la Ciudad.<\/p>\n<p>&nbsp;<\/p>\n<p>En un comunicado emitido este mi\u00e9rcoles,<em> \u201cinvitamos especialmente a la comunidad en general, as\u00ed como a Instituciones educativas y a las fuerzas vivas como ser Municipio, Ej\u00e9rcito, Polic\u00eda, Bomberos y a Colectividades de extranjeros radicadas en nuestra Ciudad\u201d.<\/em><\/p>\n","protected":false},"excerpt":{"rendered":"<p>Padres de tres importantes parroquias locales convocaron a la comunidad y las fuerzas vivas de la ciudad a participar. C\u00f3mo<\/p>\n","protected":false},"author":2,"featured_media":72038,"comment_status":"closed","ping_status":"closed","sticky":false,"template":"","format":"standard","meta":{"_jetpack_memberships_contains_paid_content":false,"footnotes":""},"categories":[5,1],"tags":[],"class_list":["post-72037","post","type-post","status-publish","format-standard","has-post-thumbnail","hentry","category-informacion-general","category-portada"],"jetpack_featured_media_url":"https:\/\/i0.wp.com\/cdnoticias.com\/wp-content\/uploads\/2022\/12\/procesion-8d.jpg?fit=613%2C340&ssl=1","jetpack_sharing_enabled":true,"_links":{"self":[{"href":"https:\/\/cdnoticias.com\/index.php\/wp-json\/wp\/v2\/posts\/72037","targetHints":{"allow":["GET"]}}],"collection":[{"href":"https:\/\/cdnoticias.com\/index.php\/wp-json\/wp\/v2\/posts"}],"about":[{"href":"https:\/\/cdnoticias.com\/index.php\/wp-json\/wp\/v2\/types\/post"}],"author":[{"embeddable":true,"href":"https:\/\/cdnoticias.com\/index.php\/wp-json\/wp\/v2\/users\/2"}],"replies":[{"embeddable":true,"href":"https:\/\/cdnoticias.com\/index.php\/wp-json\/wp\/v2\/comments?post=72037"}],"version-history":[{"count":0,"href":"https:\/\/cdnoticias.com\/index.php\/wp-json\/wp\/v2\/posts\/72037\/revisions"}],"wp:featuredmedia":[{"embeddable":true,"href":"https:\/\/cdnoticias.com\/index.php\/wp-json\/wp\/v2\/media\/72038"}],"wp:attachment":[{"href":"https:\/\/cdnoticias.com\/index.php\/wp-json\/wp\/v2\/media?parent=72037"}],"wp:term":[{"taxonomy":"category","embeddable":true,"href":"https:\/\/cdnoticias.com\/index.php\/wp-json\/wp\/v2\/categories?post=72037"},{"taxonomy":"post_tag","embeddable":true,"href":"https:\/\/cdnoticias.com\/index.php\/wp-json\/wp\/v2\/tags?post=72037"}],"curies":[{"name":"wp","href":"https:\/\/api.w.org\/{rel}","templated":true}]}}