{"id":72033,"date":"2022-12-08T09:01:28","date_gmt":"2022-12-08T12:01:28","guid":{"rendered":"https:\/\/www.centraldenoticias.com.ar\/?p=72033"},"modified":"2022-12-08T10:09:38","modified_gmt":"2022-12-08T13:09:38","slug":"giromovil-parando-en-todas","status":"publish","type":"post","link":"https:\/\/cdnoticias.com\/index.php\/2022\/12\/08\/giromovil-parando-en-todas\/","title":{"rendered":"Girom\u00f3vil: parando en todas"},"content":{"rendered":"<p>\u00bfIbas un s\u00e1bado lo m\u00e1s tranquilo y de repente en la puerta de alguno de los clubes de la ciudad viste un despliegue fenomenal de bolsones con reciclables y compostables? Ac\u00e1 te contamos de qu\u00e9 se trata. <!--more--><\/p>\n<hr \/>\n<p>Todos los caminos y recorridos que elegimos (o nos tocan) son especiales. Lo m\u00e1s especial que tiene el camino que hace GIRO a\u00f1o a a\u00f1o, es que no lo hacemos solos. En el 2021 nos acompa\u00f1aron los vecinos de las zonas piloto.<strong> Y en el 2022 sumamos a m\u00e1s de 600 olavarrienses que nos acompa\u00f1aron en cada una de las ediciones de Girom\u00f3vil que llevamos realizadas hasta hoy.<\/strong><\/p>\n<p>&nbsp;<\/p>\n<p>Todos los caminos y recorridos que trazamos tambi\u00e9n admiten sus desv\u00edos. Nuestro gran cambio de planes en este 2022 fue no poder continuar la expansi\u00f3n de la recolecci\u00f3n diferenciada puerta a puerta a toda la ciudad. \u00bfLos motivos? Los resultados de los pilotos fueron tan buenos que necesitamos plantas m\u00e1s grandes. La construcci\u00f3n de las Plantas de Clasificaci\u00f3n y Compostaje llevan m\u00e1s tiempo. Aunque pongamos todo de nosotros para acelerar procesos, las razones por las que una obra lleva un determinado tiempo son todas realidades duras e inamovibles.<\/p>\n<p>&nbsp;<\/p>\n<p><strong>Por eso hay que saber dise\u00f1ar la espera.\u00a0<\/strong> En marzo nos preguntamos: \u00bfC\u00f3mo podr\u00edamos hacer para que toda la ciudad pueda separar en casa reciclables y compostables mientras las plantas de gran escala est\u00e1n en construcci\u00f3n? Pero, sobre todo, la pregunta m\u00e1s profunda era c\u00f3mo hac\u00edamos para facilitar la separaci\u00f3n conservando el valor agregado del cambio de comportamiento que propone GIRO: el compromiso y cercan\u00eda con los ciudadanos, la idea de brindarle a cada hogar el soporte que necesita, la creatividad con la que proponemos soluciones y formas m\u00e1s f\u00e1ciles de organizarse en casa, de acopiar los materiales, de recordar el calendario de recolecci\u00f3n por corriente.<\/p>\n<p>&nbsp;<\/p>\n<blockquote><p>Quer\u00edamos llegar a una propuesta alternativa que sostuviera los valores y la experiencia transformadora que proponemos desde GIRO: convertir ciudadanos que tiran la basura en ciudadanos que separan sus residuos. Es un recorrido en apariencia contrariado, pero que resulta muy gratificante.<\/p><\/blockquote>\n<p>&nbsp;<\/p>\n<p><strong>Girom\u00f3vil<\/strong> promueve y replica el esp\u00edritu y los principios del cambio de comportamiento que trabajamos con los vecinos en las zonas piloto, donde, al d\u00eda de hoy seguimos presentes con diferentes iniciativas, principalmente para entender qu\u00e9 tipo de herramientas y facilitadores podemos incorporar para sostener el cambio de h\u00e1bito a mediano y largo plazo.<\/p>\n<p>&nbsp;<\/p>\n<p><img data-recalc-dims=\"1\" loading=\"lazy\" decoding=\"async\" class=\"alignnone size-large wp-image-72035\" src=\"https:\/\/i0.wp.com\/cdnoticias.com\/wp-content\/uploads\/2022\/12\/Giro-Jornada-1-web-84-1.jpg?resize=800%2C534&#038;ssl=1\" alt=\"\" width=\"800\" height=\"534\" srcset=\"https:\/\/i0.wp.com\/cdnoticias.com\/wp-content\/uploads\/2022\/12\/Giro-Jornada-1-web-84-1.jpg?resize=1024%2C684&amp;ssl=1 1024w, https:\/\/i0.wp.com\/cdnoticias.com\/wp-content\/uploads\/2022\/12\/Giro-Jornada-1-web-84-1.jpg?resize=300%2C200&amp;ssl=1 300w, https:\/\/i0.wp.com\/cdnoticias.com\/wp-content\/uploads\/2022\/12\/Giro-Jornada-1-web-84-1.jpg?resize=768%2C513&amp;ssl=1 768w, https:\/\/i0.wp.com\/cdnoticias.com\/wp-content\/uploads\/2022\/12\/Giro-Jornada-1-web-84-1.jpg?resize=1536%2C1025&amp;ssl=1 1536w, https:\/\/i0.wp.com\/cdnoticias.com\/wp-content\/uploads\/2022\/12\/Giro-Jornada-1-web-84-1.jpg?resize=272%2C182&amp;ssl=1 272w, https:\/\/i0.wp.com\/cdnoticias.com\/wp-content\/uploads\/2022\/12\/Giro-Jornada-1-web-84-1.jpg?w=2048&amp;ssl=1 2048w, https:\/\/i0.wp.com\/cdnoticias.com\/wp-content\/uploads\/2022\/12\/Giro-Jornada-1-web-84-1.jpg?w=1600&amp;ssl=1 1600w\" sizes=\"auto, (max-width: 800px) 100vw, 800px\" \/><\/p>\n<p>&nbsp;<\/p>\n<p>Si pensamos en el camino recorrido, en las huellas marcadas, en lo bueno que logramos dejar, este a\u00f1o para GIRO fue un antes y un despu\u00e9s: hoy podemos hablar de una <strong>cultura del reciclado<\/strong>, de vecinos que cada vez saben m\u00e1s c\u00f3mo separar y cu\u00e1l es el destino de esos residuos, que conocen el servicio de recolecci\u00f3n diferenciada y tambi\u00e9n se preguntan \u2013igual que nosotros: \u201c\u00bfCu\u00e1nto falta?\u201d. No es solo por el trabajo que realizamos en territorio, tambi\u00e9n buscamos acercarnos al ciudadano en la radio, en los diarios, en redes sociales.<\/p>\n<p>&nbsp;<\/p>\n<p>Girom\u00f3vil naci\u00f3 por esta urgencia de expandir el Programa y creci\u00f3 porque evidentemente <strong>Olavarr\u00eda est\u00e1 m\u00e1s que lista para separar sus residuos<\/strong>. A los quince minutos de la primera edici\u00f3n, la iniciativa ya ten\u00eda su propio ritmo. El flujo de olavarrienses que pasaba a dejar sus materiales reciclables y compostables \u2013familias (\u00a1mascotas incluidas!), j\u00f3venes, adultos mayores, parejas, madres y padres- era parejo y constante. Cada una de las ediciones tuvo su magia particular, como los recorridos que se nos presentan. Pero todas juntas son el momento que tenemos desde GIRO para ir conoci\u00e9ndonos, para saber cu\u00e1les son las inquietudes y necesidades de la comunidad, los mejores canales para comunicarnos, los mensajes m\u00e1s claros y directos.<\/p>\n<p>&nbsp;<\/p>\n<p>Falta poco.<\/p>\n<p>Mientras tanto, Girom\u00f3vil es la iniciativa para que aprendamos juntos.<\/p>\n<p>\u00a1Vengan!<\/p>\n","protected":false},"excerpt":{"rendered":"<p>\u00bfIbas un s\u00e1bado lo m\u00e1s tranquilo y de repente en la puerta de alguno de los clubes de la ciudad<\/p>\n","protected":false},"author":2,"featured_media":72034,"comment_status":"closed","ping_status":"closed","sticky":false,"template":"","format":"standard","meta":{"_jetpack_memberships_contains_paid_content":false,"footnotes":""},"categories":[5,1],"tags":[],"class_list":["post-72033","post","type-post","status-publish","format-standard","has-post-thumbnail","hentry","category-informacion-general","category-portada"],"jetpack_featured_media_url":"https:\/\/i0.wp.com\/cdnoticias.com\/wp-content\/uploads\/2022\/12\/GM20-scaled.jpg?fit=2560%2C1707&ssl=1","jetpack_sharing_enabled":true,"_links":{"self":[{"href":"https:\/\/cdnoticias.com\/index.php\/wp-json\/wp\/v2\/posts\/72033","targetHints":{"allow":["GET"]}}],"collection":[{"href":"https:\/\/cdnoticias.com\/index.php\/wp-json\/wp\/v2\/posts"}],"about":[{"href":"https:\/\/cdnoticias.com\/index.php\/wp-json\/wp\/v2\/types\/post"}],"author":[{"embeddable":true,"href":"https:\/\/cdnoticias.com\/index.php\/wp-json\/wp\/v2\/users\/2"}],"replies":[{"embeddable":true,"href":"https:\/\/cdnoticias.com\/index.php\/wp-json\/wp\/v2\/comments?post=72033"}],"version-history":[{"count":0,"href":"https:\/\/cdnoticias.com\/index.php\/wp-json\/wp\/v2\/posts\/72033\/revisions"}],"wp:featuredmedia":[{"embeddable":true,"href":"https:\/\/cdnoticias.com\/index.php\/wp-json\/wp\/v2\/media\/72034"}],"wp:attachment":[{"href":"https:\/\/cdnoticias.com\/index.php\/wp-json\/wp\/v2\/media?parent=72033"}],"wp:term":[{"taxonomy":"category","embeddable":true,"href":"https:\/\/cdnoticias.com\/index.php\/wp-json\/wp\/v2\/categories?post=72033"},{"taxonomy":"post_tag","embeddable":true,"href":"https:\/\/cdnoticias.com\/index.php\/wp-json\/wp\/v2\/tags?post=72033"}],"curies":[{"name":"wp","href":"https:\/\/api.w.org\/{rel}","templated":true}]}}