{"id":72020,"date":"2022-12-07T20:13:27","date_gmt":"2022-12-07T23:13:27","guid":{"rendered":"https:\/\/www.centraldenoticias.com.ar\/?p=72020"},"modified":"2022-12-07T20:13:58","modified_gmt":"2022-12-07T23:13:58","slug":"violento-accidente-en-san-vicente-un-hombre-herido","status":"publish","type":"post","link":"https:\/\/cdnoticias.com\/index.php\/2022\/12\/07\/violento-accidente-en-san-vicente-un-hombre-herido\/","title":{"rendered":"Violento accidente en San Vicente: un hombre herido"},"content":{"rendered":"<p>El hecho se produjo en la tarde de este mi\u00e9rcoles en Balcarce y Alsina. Fue trasladado al Hospital.<!--more--><\/p>\n<hr \/>\n<p>En la tarde de este mi\u00e9rcoles,<strong> un hombre result\u00f3 con heridas tras protagonizar, con su auto, un violento choque contra una camioneta<\/strong> en barrio San Vicente, m\u00e1s precisamente en Balcarce y Alsina.<\/p>\n<p>&nbsp;<\/p>\n<p>Las causas del siniestro vial a\u00fan son investigadas. <strong>Lo concreto es que el hombre, conductor de un VW Senda, impact\u00f3 contra el lateral de una Ford F100<\/strong> conducida por un joven, utilizada para actividad laboral.<\/p>\n<p>&nbsp;<\/p>\n<p><img data-recalc-dims=\"1\" loading=\"lazy\" decoding=\"async\" class=\"alignnone size-full wp-image-72023\" src=\"https:\/\/i0.wp.com\/cdnoticias.com\/wp-content\/uploads\/2022\/12\/choq2.png?resize=800%2C360&#038;ssl=1\" alt=\"\" width=\"800\" height=\"360\" srcset=\"https:\/\/i0.wp.com\/cdnoticias.com\/wp-content\/uploads\/2022\/12\/choq2.png?w=1585&amp;ssl=1 1585w, https:\/\/i0.wp.com\/cdnoticias.com\/wp-content\/uploads\/2022\/12\/choq2.png?resize=300%2C135&amp;ssl=1 300w, https:\/\/i0.wp.com\/cdnoticias.com\/wp-content\/uploads\/2022\/12\/choq2.png?resize=1024%2C461&amp;ssl=1 1024w, https:\/\/i0.wp.com\/cdnoticias.com\/wp-content\/uploads\/2022\/12\/choq2.png?resize=768%2C346&amp;ssl=1 768w, https:\/\/i0.wp.com\/cdnoticias.com\/wp-content\/uploads\/2022\/12\/choq2.png?resize=1536%2C692&amp;ssl=1 1536w\" sizes=\"auto, (max-width: 800px) 100vw, 800px\" \/><\/p>\n<p>&nbsp;<\/p>\n<p>El<strong> conductor del Senda result\u00f3 con una herida en la cabeza, y fue trasladado al Hospital Municipal<\/strong> en una ambulancia para realizar una placa y evaluar su gravedad.<\/p>\n<p>&nbsp;<\/p>\n<p>En el hecho intervino personal del Comando de Patrullas que reorden\u00f3 el tr\u00e1nsito, con circulaci\u00f3n reducida hasta el trabajo de los peritos.<\/p>\n<p>&nbsp;<\/p>\n<p><img data-recalc-dims=\"1\" loading=\"lazy\" decoding=\"async\" class=\"alignnone size-full wp-image-72024\" src=\"https:\/\/i0.wp.com\/cdnoticias.com\/wp-content\/uploads\/2022\/12\/choq-1.png?resize=800%2C429&#038;ssl=1\" alt=\"\" width=\"800\" height=\"429\" srcset=\"https:\/\/i0.wp.com\/cdnoticias.com\/wp-content\/uploads\/2022\/12\/choq-1.png?w=1508&amp;ssl=1 1508w, https:\/\/i0.wp.com\/cdnoticias.com\/wp-content\/uploads\/2022\/12\/choq-1.png?resize=300%2C161&amp;ssl=1 300w, https:\/\/i0.wp.com\/cdnoticias.com\/wp-content\/uploads\/2022\/12\/choq-1.png?resize=1024%2C549&amp;ssl=1 1024w, https:\/\/i0.wp.com\/cdnoticias.com\/wp-content\/uploads\/2022\/12\/choq-1.png?resize=768%2C412&amp;ssl=1 768w\" sizes=\"auto, (max-width: 800px) 100vw, 800px\" \/><\/p>\n<p>&nbsp;<\/p>\n<p>&nbsp;<\/p>\n","protected":false},"excerpt":{"rendered":"<p>El hecho se produjo en la tarde de este mi\u00e9rcoles en Balcarce y Alsina. Fue trasladado al Hospital.<\/p>\n","protected":false},"author":2,"featured_media":72022,"comment_status":"closed","ping_status":"closed","sticky":false,"template":"","format":"standard","meta":{"_jetpack_memberships_contains_paid_content":false,"footnotes":""},"categories":[14,1],"tags":[],"class_list":["post-72020","post","type-post","status-publish","format-standard","has-post-thumbnail","hentry","category-policiales","category-portada"],"jetpack_featured_media_url":"https:\/\/i0.wp.com\/cdnoticias.com\/wp-content\/uploads\/2022\/12\/choq.png?fit=1600%2C804&ssl=1","jetpack_sharing_enabled":true,"_links":{"self":[{"href":"https:\/\/cdnoticias.com\/index.php\/wp-json\/wp\/v2\/posts\/72020","targetHints":{"allow":["GET"]}}],"collection":[{"href":"https:\/\/cdnoticias.com\/index.php\/wp-json\/wp\/v2\/posts"}],"about":[{"href":"https:\/\/cdnoticias.com\/index.php\/wp-json\/wp\/v2\/types\/post"}],"author":[{"embeddable":true,"href":"https:\/\/cdnoticias.com\/index.php\/wp-json\/wp\/v2\/users\/2"}],"replies":[{"embeddable":true,"href":"https:\/\/cdnoticias.com\/index.php\/wp-json\/wp\/v2\/comments?post=72020"}],"version-history":[{"count":0,"href":"https:\/\/cdnoticias.com\/index.php\/wp-json\/wp\/v2\/posts\/72020\/revisions"}],"wp:featuredmedia":[{"embeddable":true,"href":"https:\/\/cdnoticias.com\/index.php\/wp-json\/wp\/v2\/media\/72022"}],"wp:attachment":[{"href":"https:\/\/cdnoticias.com\/index.php\/wp-json\/wp\/v2\/media?parent=72020"}],"wp:term":[{"taxonomy":"category","embeddable":true,"href":"https:\/\/cdnoticias.com\/index.php\/wp-json\/wp\/v2\/categories?post=72020"},{"taxonomy":"post_tag","embeddable":true,"href":"https:\/\/cdnoticias.com\/index.php\/wp-json\/wp\/v2\/tags?post=72020"}],"curies":[{"name":"wp","href":"https:\/\/api.w.org\/{rel}","templated":true}]}}