{"id":7202,"date":"2020-11-23T16:16:15","date_gmt":"2020-11-23T19:16:15","guid":{"rendered":"http:\/\/www.centraldenoticias.com.ar\/?p=7202"},"modified":"2023-10-23T18:40:58","modified_gmt":"2023-10-23T21:40:58","slug":"valeria-juarez-tenia-una-vida-de-tristeza","status":"publish","type":"post","link":"https:\/\/cdnoticias.com\/index.php\/2020\/11\/23\/valeria-juarez-tenia-una-vida-de-tristeza\/","title":{"rendered":"Valeria Ju\u00e1rez: \u201cTen\u00eda una vida de tristeza\u201d"},"content":{"rendered":"<p>Se trata de la primera mujer en el pa\u00eds en ocupar el puesto de trabajo de su victimario, en la municipalidad de Santa Rosa. Habl\u00f3 con Radio Universidad (FM 90.1) y resalt\u00f3 el cambio que provoc\u00f3 en su vida la posibilidad de un trabajo seguro. El apoyo de otras mujeres y el \u201calivio\u201d de una condena.<!--more--><\/p>\n<hr \/>\n<p>El municipio de Santa Rosa, la capital de La Pampa, se convirti\u00f3 en el primero del pa\u00eds en implementar pol\u00edticas de reparaci\u00f3n con perspectiva de g\u00e9nero, con<strong> una ordenanza que permiti\u00f3 incorporar a una mujer en situaci\u00f3n de violencia a la planta municipal para ocupar el lugar de trabajo de su victimario<\/strong>, cuando este fue condenado por agredirla y termin\u00f3 siendo exonerado.<\/p>\n<p>&nbsp;<\/p>\n<p>De esta forma, <strong>Valeria Ju\u00e1rez se convirti\u00f3 en la primera mujer en el pa\u00eds en ocupar el puesto de trabajo de su victimario, en la municipalidad de Santa Rosa<\/strong>, luego de que quedara firme la sentencia por violencia de g\u00e9nero de su expareja, H\u00e9ctor Fabi\u00e1n Mendoza de 41 a\u00f1os, y que por ello fuera exonerado.<\/p>\n<p>&nbsp;<\/p>\n<p>Valeria habl\u00f3 con <strong>Radio Universidad (FM 90.1)<\/strong> y cont\u00f3 el cambio que esta decisi\u00f3n provoc\u00f3 en su vida. <em>\u201cEstoy trabajando hace una semana y es un cambio de vida tremendo. Puedo tener una visi\u00f3n de un futuro mejor, la estabilidad econ\u00f3mica y un trabajo seguro te permite proyectar y cumplir sue\u00f1os\u2026 tener planes\u201d<\/em>, asegur\u00f3.<\/p>\n<p>&nbsp;<\/p>\n<p>Con pausa cont\u00f3 que <em>\u201cdesde 2013 que no ten\u00eda una vida normal, una rutina. <strong>Antes de tener la oportunidad de un trabajo seguro para tener algo estable para m\u00ed y mis hijos, ten\u00eda una vida de tristeza<\/strong>, de amargura, de impotencia, pasar por todos los tiempos de la Justicia es muy frustrante, se me hizo muy largo\u201d.<\/em><\/p>\n<p>&nbsp;<\/p>\n<p>Al recordar los a\u00f1os previos a la condena asegur\u00f3 que <em>\u201clleg\u00f3 a intentar matarme, viv\u00eda muy triste, muy resignada, con tratamiento psicol\u00f3gico que no te salva del peligro pero te salva de poder vivir con eso, de poder llevar adelante tu familia. A mis hijos los encerraba mucho, no los dejaba jugar en la vereda\u201d.<\/em><\/p>\n<p>&nbsp;<\/p>\n<div class=\"jetpack-video-wrapper\"><iframe loading=\"lazy\" width=\"800\" height=\"450\" src=\"https:\/\/www.youtube.com\/embed\/RJgaknyq-Ls?feature=oembed\" frameborder=\"0\" allow=\"accelerometer; autoplay; clipboard-write; encrypted-media; gyroscope; picture-in-picture\" allowfullscreen><\/iframe><\/div>\n<p>&nbsp;<\/p>\n<p>Valeria Ju\u00e1rez, la luch\u00f3 primero sola, y despu\u00e9s pidi\u00f3 ayuda cuando comenz\u00f3 a militar en la<strong> Corriente Clasista Combativa (CCC) de la Asociaci\u00f3n de Trabajadores Estatales (ATE).<\/strong> <em>\u201cAh\u00ed empec\u00e9 a conocer a mujeres militantes por la lucha contra la violencia hacia la mujer. Ellas me acompa\u00f1aron en todo momento, me apoyaron, me asesoraron, me dieron herramienta. Son mujeres que realmente se movilizan\u201d<\/em>, se\u00f1al\u00f3.<\/p>\n<p>&nbsp;<\/p>\n<p>La condena \u201cfue un alivio\u201d. <em>\u201cCuando se aprueba esta propuesta en el Concejo, tuve la esperanza de que mi vida iba a cambiar. \u00c9l estaba en el \u00e1rea de mantenimiento en planta permanente, as\u00ed que yo entro en el mismo lugar\u201d,<\/em> relat\u00f3 Ju\u00e1rez.<\/p>\n<p>&nbsp;<\/p>\n<p>La<strong> Ordenanza 6305<\/strong> fue sancionada en enero de este a\u00f1o por el Concejo Deliberante y es una muestra clara de una pol\u00edtica de reparaci\u00f3n con perspectiva de g\u00e9nero.<\/p>\n<p>&nbsp;<\/p>\n<p>Por \u00faltimo, cont\u00f3 que luego de este hecho hist\u00f3rico, muchas mujeres le escribieron para contarle su historia. <strong><em>\u201cEs un pedido de ayuda porque el peligro est\u00e1 y ten\u00e9s miedo. Les pido que se animen a denunciar y a visibilizar todo esto\u201d<\/em><\/strong>, concluy\u00f3.<\/p>\n","protected":false},"excerpt":{"rendered":"<p>Se trata de la primera mujer en el pa\u00eds en ocupar el puesto de trabajo de su victimario, en la<\/p>\n","protected":false},"author":5,"featured_media":7203,"comment_status":"closed","ping_status":"closed","sticky":false,"template":"","format":"standard","meta":{"_jetpack_memberships_contains_paid_content":false,"footnotes":""},"categories":[3],"tags":[],"class_list":["post-7202","post","type-post","status-publish","format-standard","has-post-thumbnail","hentry","category-genero"],"jetpack_featured_media_url":"https:\/\/i0.wp.com\/cdnoticias.com\/wp-content\/uploads\/2020\/11\/5fb019720267a_1004x565.jpg?fit=1004%2C565&ssl=1","jetpack_sharing_enabled":true,"_links":{"self":[{"href":"https:\/\/cdnoticias.com\/index.php\/wp-json\/wp\/v2\/posts\/7202","targetHints":{"allow":["GET"]}}],"collection":[{"href":"https:\/\/cdnoticias.com\/index.php\/wp-json\/wp\/v2\/posts"}],"about":[{"href":"https:\/\/cdnoticias.com\/index.php\/wp-json\/wp\/v2\/types\/post"}],"author":[{"embeddable":true,"href":"https:\/\/cdnoticias.com\/index.php\/wp-json\/wp\/v2\/users\/5"}],"replies":[{"embeddable":true,"href":"https:\/\/cdnoticias.com\/index.php\/wp-json\/wp\/v2\/comments?post=7202"}],"version-history":[{"count":0,"href":"https:\/\/cdnoticias.com\/index.php\/wp-json\/wp\/v2\/posts\/7202\/revisions"}],"wp:featuredmedia":[{"embeddable":true,"href":"https:\/\/cdnoticias.com\/index.php\/wp-json\/wp\/v2\/media\/7203"}],"wp:attachment":[{"href":"https:\/\/cdnoticias.com\/index.php\/wp-json\/wp\/v2\/media?parent=7202"}],"wp:term":[{"taxonomy":"category","embeddable":true,"href":"https:\/\/cdnoticias.com\/index.php\/wp-json\/wp\/v2\/categories?post=7202"},{"taxonomy":"post_tag","embeddable":true,"href":"https:\/\/cdnoticias.com\/index.php\/wp-json\/wp\/v2\/tags?post=7202"}],"curies":[{"name":"wp","href":"https:\/\/api.w.org\/{rel}","templated":true}]}}