{"id":72005,"date":"2022-12-08T07:26:20","date_gmt":"2022-12-08T10:26:20","guid":{"rendered":"https:\/\/www.centraldenoticias.com.ar\/?p=72005"},"modified":"2022-12-08T09:01:41","modified_gmt":"2022-12-08T12:01:41","slug":"hector-laplace-la-construccion-esta-funcionando-demasiado-bien","status":"publish","type":"post","link":"https:\/\/cdnoticias.com\/index.php\/2022\/12\/08\/hector-laplace-la-construccion-esta-funcionando-demasiado-bien\/","title":{"rendered":"H\u00e9ctor Laplace: \u201cla construcci\u00f3n est\u00e1 funcionando demasiado bien\u201d"},"content":{"rendered":"<p>El secretario general de AOMA a nivel nacional habl\u00f3 en su visita a Olavarr\u00eda y se\u00f1al\u00f3 que si bien el balance es bueno, \u201chay cosas que todav\u00eda no se han resuelto\u201d. Habl\u00f3 del fallo contra Cristina: \u201cEl fallo nos va a da\u00f1ar a todos. Estando a favor o en contra\u201d. <!--more--><\/p>\n<hr \/>\n<p>Tras la <a href=\"https:\/\/cdnoticias.com\/index.php\/2022\/12\/07\/nueva-sede-de-osam-lo-que-hacemos-es-para-nuestros-companeros-de-trabajo\/\" target=\"_blank\" rel=\"noopener\">emotiva inauguraci\u00f3n de la sede de la obra social de AOMA<\/a>, OSAM,<strong> el secretario general de AOMA a nivel nacional, H\u00e9ctor Laplace, habl\u00f3 en conferencia de prensa<\/strong> sobre la realidad de la actividad minera, las perspectivas salariales del pr\u00f3ximo a\u00f1o, pero tambi\u00e9n sobre el fallo contra Cristina en la causa vialidad y sus consecuencias pol\u00edticas.<\/p>\n<p>&nbsp;<\/p>\n<p>En primera instancia \u2013y en compa\u00f1\u00eda del secretario general local, Alejandro Santill\u00e1n- admiti\u00f3 que<strong> la actividad minera <em>\u201cest\u00e1 marchando bien, m\u00e1s all\u00e1 de que es justo que reconozca que no solamente en la miner\u00eda metal\u00edfera sino tambi\u00e9n la no metal\u00edfera estamos teniendo inconvenientes con las importaciones\u201d.<\/em><\/strong><\/p>\n<p>&nbsp;<\/p>\n<p><img data-recalc-dims=\"1\" loading=\"lazy\" decoding=\"async\" class=\"alignnone size-large wp-image-71946\" src=\"https:\/\/i0.wp.com\/cdnoticias.com\/wp-content\/uploads\/2022\/12\/laplace-santillan-2.jpg?resize=800%2C445&#038;ssl=1\" alt=\"\" width=\"800\" height=\"445\" srcset=\"https:\/\/i0.wp.com\/cdnoticias.com\/wp-content\/uploads\/2022\/12\/laplace-santillan-2-scaled.jpg?resize=1024%2C570&amp;ssl=1 1024w, https:\/\/i0.wp.com\/cdnoticias.com\/wp-content\/uploads\/2022\/12\/laplace-santillan-2-scaled.jpg?resize=300%2C167&amp;ssl=1 300w, https:\/\/i0.wp.com\/cdnoticias.com\/wp-content\/uploads\/2022\/12\/laplace-santillan-2-scaled.jpg?resize=768%2C427&amp;ssl=1 768w, https:\/\/i0.wp.com\/cdnoticias.com\/wp-content\/uploads\/2022\/12\/laplace-santillan-2-scaled.jpg?resize=1536%2C855&amp;ssl=1 1536w, https:\/\/i0.wp.com\/cdnoticias.com\/wp-content\/uploads\/2022\/12\/laplace-santillan-2-scaled.jpg?resize=2048%2C1140&amp;ssl=1 2048w, https:\/\/i0.wp.com\/cdnoticias.com\/wp-content\/uploads\/2022\/12\/laplace-santillan-2-scaled.jpg?resize=800%2C445&amp;ssl=1 800w, https:\/\/i0.wp.com\/cdnoticias.com\/wp-content\/uploads\/2022\/12\/laplace-santillan-2-scaled.jpg?w=1600&amp;ssl=1 1600w, https:\/\/i0.wp.com\/cdnoticias.com\/wp-content\/uploads\/2022\/12\/laplace-santillan-2-scaled.jpg?w=2400&amp;ssl=1 2400w\" sizes=\"auto, (max-width: 800px) 100vw, 800px\" \/><\/p>\n<p>&nbsp;<\/p>\n<p>De no resolverse<em> \u201cva a traer aparejados problemas en el mundo del trabajo. Pero hoy por hoy estamos funcionando bien. Los primeros 8 meses tuvimos muy buenos precios a nivel internacional\u201d.<\/em><\/p>\n<p>&nbsp;<\/p>\n<p>Con la \u201cminer\u00eda de tercera categor\u00eda\u201d que es la que incide directamente en Olavarr\u00eda<strong><em>, \u201ccreo que la construcci\u00f3n est\u00e1 funcionando demasiado bien y los \u00edndices de producci\u00f3n y despacho hablan a las claras que gracias a Dios estamos bien. Seguimos con muchas cosas en el medio que seguramente ata\u00f1en a la relaci\u00f3n laboral pero la actividad por lo menos hoy por hoy se est\u00e1 moviendo\u201d.<\/em><\/strong><\/p>\n<p>&nbsp;<\/p>\n<p>R\u00e1pidamente, <strong>se meti\u00f3 con lo sucedido con el fallo de Cristina este \u00faltimo martes<\/strong>, no s\u00f3lo con la pena de prisi\u00f3n sino particularmente con la inhabilitaci\u00f3n para ejercer cargos p\u00fablicos de por vida. <em>\u201cEl a\u00f1o que viene ser\u00e1 particular, pero te dir\u00eda que no podemos trasladarlo a 2023, creemos que este es un a\u00f1o particular. Lo que ha pasado no es gratis, particularmente para el partido abrazamos que es el Justicialista. Esto traer\u00e1 consecuencias sin ninguna duda, ojal\u00e1 que tambi\u00e9n podamos torcer la decisi\u00f3n que ha tomado la compa\u00f1era vicepresidenta en el d\u00eda de ayer de no presentarse a ning\u00fan cargo, porque es la figura descollante \u2013con N\u00e9stor- de este siglo XXI en Argentina\u201d.<\/em><\/p>\n<p>&nbsp;<\/p>\n<p><img data-recalc-dims=\"1\" loading=\"lazy\" decoding=\"async\" class=\"alignnone size-large wp-image-71945\" src=\"https:\/\/i0.wp.com\/cdnoticias.com\/wp-content\/uploads\/2022\/12\/laplace-santillan.jpg?resize=800%2C445&#038;ssl=1\" alt=\"\" width=\"800\" height=\"445\" srcset=\"https:\/\/i0.wp.com\/cdnoticias.com\/wp-content\/uploads\/2022\/12\/laplace-santillan-scaled.jpg?resize=1024%2C570&amp;ssl=1 1024w, https:\/\/i0.wp.com\/cdnoticias.com\/wp-content\/uploads\/2022\/12\/laplace-santillan-scaled.jpg?resize=300%2C167&amp;ssl=1 300w, https:\/\/i0.wp.com\/cdnoticias.com\/wp-content\/uploads\/2022\/12\/laplace-santillan-scaled.jpg?resize=768%2C427&amp;ssl=1 768w, https:\/\/i0.wp.com\/cdnoticias.com\/wp-content\/uploads\/2022\/12\/laplace-santillan-scaled.jpg?resize=1536%2C854&amp;ssl=1 1536w, https:\/\/i0.wp.com\/cdnoticias.com\/wp-content\/uploads\/2022\/12\/laplace-santillan-scaled.jpg?resize=2048%2C1139&amp;ssl=1 2048w, https:\/\/i0.wp.com\/cdnoticias.com\/wp-content\/uploads\/2022\/12\/laplace-santillan-scaled.jpg?resize=800%2C445&amp;ssl=1 800w, https:\/\/i0.wp.com\/cdnoticias.com\/wp-content\/uploads\/2022\/12\/laplace-santillan-scaled.jpg?w=1600&amp;ssl=1 1600w, https:\/\/i0.wp.com\/cdnoticias.com\/wp-content\/uploads\/2022\/12\/laplace-santillan-scaled.jpg?w=2400&amp;ssl=1 2400w\" sizes=\"auto, (max-width: 800px) 100vw, 800px\" \/><\/p>\n<p>&nbsp;<\/p>\n<blockquote><p>\u201cLa realidad no pinta bien. Son dos rumbos de pa\u00eds absolutamente distintos, creo que los trabajadores hemos vivido unos y otros. No en vano, con cuatro a\u00f1os de la funci\u00f3n p\u00fablica y c\u00f3mo nos han dejado (en la gesti\u00f3n Macri) marcan las claras que los trabajadores no podemos estar en ese sentido\u201d agreg\u00f3.<\/p><\/blockquote>\n<p>&nbsp;<\/p>\n<p>De todas maneras, Laplace se\u00f1al\u00f3 que <em>\u201ces justo reconocer que del 2019 para ac\u00e1 hay cosas que todav\u00eda no se han resuelto. Este gran dilema que tendr\u00e1 la familia minera argentina no es tarea sencilla:<strong> transitar un pa\u00eds con 100% de inflaci\u00f3n anual, como se mueven los productos de la canasta b\u00e1sica, como tenemos que salir disparando detr\u00e1s de las paritarias para intentar recomponer nuestros salarios<\/strong>, no es tarea sencilla y no es el mejor escenario para que Argentina crezca, para poder dar m\u00e1s trabajo, darle la oportunidad de que tengan mejor calidad de vida\u201d.<\/em><\/p>\n<p>&nbsp;<\/p>\n<p>Con respecto a las paritarias, Laplace indic\u00f3 que todav\u00eda no se cerr\u00f3 el 2022 en algunos sectores dado que se dividi\u00f3 \u201cpor seis meses\u201d, dej\u00f3 de ser anual, y<strong><em> \u201ca\u00fan est\u00e1 abierta. Hay algunas en cierre, otras se dilataron un poco, estamos negociando bonos de fin de a\u00f1o. Despu\u00e9s nos queda el a\u00f1o paritario, que se cerrar\u00e1 en abril del a\u00f1o entrante\u201d<\/em> <\/strong>y aclar\u00f3 que las cifras \u201cdistan por ah\u00ed lo que uno habla de inflaci\u00f3n anual vs el a\u00f1o paritario\u201d.<\/p>\n<p>&nbsp;<\/p>\n<p><img data-recalc-dims=\"1\" loading=\"lazy\" decoding=\"async\" class=\"alignnone size-large wp-image-71942\" src=\"https:\/\/i0.wp.com\/cdnoticias.com\/wp-content\/uploads\/2022\/12\/laplace-hector2.jpg?resize=800%2C445&#038;ssl=1\" alt=\"\" width=\"800\" height=\"445\" srcset=\"https:\/\/i0.wp.com\/cdnoticias.com\/wp-content\/uploads\/2022\/12\/laplace-hector2-scaled.jpg?resize=1024%2C570&amp;ssl=1 1024w, https:\/\/i0.wp.com\/cdnoticias.com\/wp-content\/uploads\/2022\/12\/laplace-hector2-scaled.jpg?resize=300%2C167&amp;ssl=1 300w, https:\/\/i0.wp.com\/cdnoticias.com\/wp-content\/uploads\/2022\/12\/laplace-hector2-scaled.jpg?resize=768%2C427&amp;ssl=1 768w, https:\/\/i0.wp.com\/cdnoticias.com\/wp-content\/uploads\/2022\/12\/laplace-hector2-scaled.jpg?resize=1536%2C855&amp;ssl=1 1536w, https:\/\/i0.wp.com\/cdnoticias.com\/wp-content\/uploads\/2022\/12\/laplace-hector2-scaled.jpg?resize=2048%2C1140&amp;ssl=1 2048w, https:\/\/i0.wp.com\/cdnoticias.com\/wp-content\/uploads\/2022\/12\/laplace-hector2-scaled.jpg?resize=800%2C445&amp;ssl=1 800w, https:\/\/i0.wp.com\/cdnoticias.com\/wp-content\/uploads\/2022\/12\/laplace-hector2-scaled.jpg?w=1600&amp;ssl=1 1600w, https:\/\/i0.wp.com\/cdnoticias.com\/wp-content\/uploads\/2022\/12\/laplace-hector2-scaled.jpg?w=2400&amp;ssl=1 2400w\" sizes=\"auto, (max-width: 800px) 100vw, 800px\" \/><\/p>\n<p>&nbsp;<\/p>\n<p>Con respecto al tema salarial, \u201ces bastante dif\u00edcil poder llevar los salarios a la carrera a la que nos lleva la inflaci\u00f3n argentina. Lo que m\u00e1s nos preocupa es la canasta b\u00e1sica, que es lo que m\u00e1s aumenta. Eso nos saca bastante de carrera\u201d. De todas maneras, Laplace reconoci\u00f3 que<strong><em> \u201chasta aqu\u00ed no hemos cerrado malas paritarias, estamos del 102 al 117% en 2022\u201d.<\/em><\/strong><\/p>\n<p>&nbsp;<\/p>\n<p>Finalmente \u2013y entre otros temas consultados- volvi\u00f3 a hacer referencia a la situaci\u00f3n judicial de la vicepresidenta, y reflexion\u00f3 sobre la proscripci\u00f3n a la dirigente del Frente de Todos: <strong>\u201cUno puede estar a favor o en contra de Cristina. Yo no le quito m\u00e9rito a nadie\u201d comenz\u00f3, para profundizar en su postura sobre el fallo al afirmar que \u201ca la clase pol\u00edtica y al pa\u00eds le va a hacer da\u00f1o. El fallo nos va a da\u00f1ar a todos. Estando a favor o en contra. M\u00e1xime cuando hablamos de un mes de diciembre\u2026tengo miedo. Tenemos que hacer lo imposible para que el pa\u00eds despegue\u201d.<\/strong><\/p>\n<p>&nbsp;<\/p>\n<blockquote><p>Si bien dijo que \u201cno s\u00e9 si tendr\u00eda que haber sido absuelta o no, imaginen que el decirle \u2018usted no puede ser m\u00e1s de por vida candidata\u2019 termina siendo absolutamente pol\u00edtico el fallo. No s\u00e9 si es culpable o no, pero si me preguntan si le creo a ella o a los jueces y fiscales que intervinieron en la causa, no tengan duda que le creer\u00e9 a ella\u201d.<\/p><\/blockquote>\n<p>&nbsp;<\/p>\n<p>Finalmente, compar\u00f3 el pago de ganancias de los trabajadores en detrimento de los jueces \u2013que no lo hacen- <strong><em>\u201cy ver que se ponen de acuerdo para inventar boletas\u2026creo que no les puedo tener fe en los fallos que dictan\u201d.<\/em><\/strong><\/p>\n","protected":false},"excerpt":{"rendered":"<p>El secretario general de AOMA a nivel nacional habl\u00f3 en su visita a Olavarr\u00eda y se\u00f1al\u00f3 que si bien el<\/p>\n","protected":false},"author":2,"featured_media":71944,"comment_status":"closed","ping_status":"closed","sticky":false,"template":"","format":"standard","meta":{"_jetpack_memberships_contains_paid_content":false,"footnotes":""},"categories":[4,1],"tags":[],"class_list":["post-72005","post","type-post","status-publish","format-standard","has-post-thumbnail","hentry","category-politica","category-portada"],"jetpack_featured_media_url":"https:\/\/i0.wp.com\/cdnoticias.com\/wp-content\/uploads\/2022\/12\/laplace-hector-3-scaled.jpg?fit=2560%2C1424&ssl=1","jetpack_sharing_enabled":true,"_links":{"self":[{"href":"https:\/\/cdnoticias.com\/index.php\/wp-json\/wp\/v2\/posts\/72005","targetHints":{"allow":["GET"]}}],"collection":[{"href":"https:\/\/cdnoticias.com\/index.php\/wp-json\/wp\/v2\/posts"}],"about":[{"href":"https:\/\/cdnoticias.com\/index.php\/wp-json\/wp\/v2\/types\/post"}],"author":[{"embeddable":true,"href":"https:\/\/cdnoticias.com\/index.php\/wp-json\/wp\/v2\/users\/2"}],"replies":[{"embeddable":true,"href":"https:\/\/cdnoticias.com\/index.php\/wp-json\/wp\/v2\/comments?post=72005"}],"version-history":[{"count":0,"href":"https:\/\/cdnoticias.com\/index.php\/wp-json\/wp\/v2\/posts\/72005\/revisions"}],"wp:featuredmedia":[{"embeddable":true,"href":"https:\/\/cdnoticias.com\/index.php\/wp-json\/wp\/v2\/media\/71944"}],"wp:attachment":[{"href":"https:\/\/cdnoticias.com\/index.php\/wp-json\/wp\/v2\/media?parent=72005"}],"wp:term":[{"taxonomy":"category","embeddable":true,"href":"https:\/\/cdnoticias.com\/index.php\/wp-json\/wp\/v2\/categories?post=72005"},{"taxonomy":"post_tag","embeddable":true,"href":"https:\/\/cdnoticias.com\/index.php\/wp-json\/wp\/v2\/tags?post=72005"}],"curies":[{"name":"wp","href":"https:\/\/api.w.org\/{rel}","templated":true}]}}