{"id":71994,"date":"2022-12-10T19:02:35","date_gmt":"2022-12-10T22:02:35","guid":{"rendered":"https:\/\/www.centraldenoticias.com.ar\/?p=71994"},"modified":"2022-12-10T19:02:35","modified_gmt":"2022-12-10T22:02:35","slug":"ingresaron-nuevos-agentes-en-la-unidad-17","status":"publish","type":"post","link":"https:\/\/cdnoticias.com\/index.php\/2022\/12\/10\/ingresaron-nuevos-agentes-en-la-unidad-17\/","title":{"rendered":"Ingresaron nuevos agentes en la Unidad 17"},"content":{"rendered":"<p>Se trata de 28 j\u00f3venes de Bol\u00edvar, Urdampilleta y Pirovano.<!--more--><\/p>\n<hr \/>\n<p>El pasado lunes<strong> se presentaron en la Unidad 17 los nuevos agentes penitenciarios<\/strong> que ingresaron mediante disposici\u00f3n del jefe del Servicio Penitenciario Bonaerense (SPB) en el marco del Plan de Remodelaci\u00f3n Institucional 2022 -2023.<\/p>\n<p>&nbsp;<\/p>\n<p>Se trata de <strong>28 j\u00f3venes de Bol\u00edvar, Urdampilleta y Pirovano<\/strong> que fueron <strong>designados para prestar servicio<\/strong> como Guardias del Escalaf\u00f3n General (EG), Administrativo (EA) y del Escalaf\u00f3n Profesional (EP).<\/p>\n<p>&nbsp;<\/p>\n<p>Tras haber cumplimentado la capacitaci\u00f3n correspondiente en las distintas \u00e1reas de la dependencia, <strong>los y las j\u00f3venes entre 18 y 35 a\u00f1os<\/strong> fueron recibidos en la Unidad 17 por el Jefe de Complejo Centro Zona Sur Abel Ram\u00edrez, el Secretario de Coordinaci\u00f3n del mencionado Complejo Gabriel Cejas, el director de la Unidad Hugo Fredes y los subdirectores.<\/p>\n<p>&nbsp;<\/p>\n<p><img data-recalc-dims=\"1\" loading=\"lazy\" decoding=\"async\" class=\"aligncenter wp-image-71996 size-full\" src=\"https:\/\/i0.wp.com\/cdnoticias.com\/wp-content\/uploads\/2022\/12\/U17-Nuevos-agentes-Diciembre-2022a.jpg?resize=800%2C533&#038;ssl=1\" alt=\"\" width=\"800\" height=\"533\" srcset=\"https:\/\/i0.wp.com\/cdnoticias.com\/wp-content\/uploads\/2022\/12\/U17-Nuevos-agentes-Diciembre-2022a.jpg?w=1280&amp;ssl=1 1280w, https:\/\/i0.wp.com\/cdnoticias.com\/wp-content\/uploads\/2022\/12\/U17-Nuevos-agentes-Diciembre-2022a.jpg?resize=300%2C200&amp;ssl=1 300w, https:\/\/i0.wp.com\/cdnoticias.com\/wp-content\/uploads\/2022\/12\/U17-Nuevos-agentes-Diciembre-2022a.jpg?resize=1024%2C682&amp;ssl=1 1024w, https:\/\/i0.wp.com\/cdnoticias.com\/wp-content\/uploads\/2022\/12\/U17-Nuevos-agentes-Diciembre-2022a.jpg?resize=768%2C512&amp;ssl=1 768w, https:\/\/i0.wp.com\/cdnoticias.com\/wp-content\/uploads\/2022\/12\/U17-Nuevos-agentes-Diciembre-2022a.jpg?resize=272%2C182&amp;ssl=1 272w\" sizes=\"auto, (max-width: 800px) 100vw, 800px\" \/><\/p>\n<p>&nbsp;<\/p>\n<p>\u201cEl Servicio Penitenciario es una gran instituci\u00f3n en la que a partir de hoy formar\u00e1n parte y aprender\u00e1n a querer. Tienen la suerte de ser recibidos en esta Unidad donde se van a encontrar con grandes compa\u00f1eros y muy buenos agentes penitenciarios que les van a ense\u00f1ar el camino, sepan aprovechar y cuidar esta oportunidad\u201d, expres\u00f3 Abel Ram\u00edrez.<\/p>\n<p>&nbsp;<\/p>\n<p>Por su parte, el Director de Unidad Hugo Fredes, les dio la bienvenida a los nuevos agentes y les manifest\u00f3 su apoyo y acompa\u00f1amiento. En la misma jornada recibieron el saludo del Subjefe del SPB Inspector General Javier C\u00e1ceres y del Director General de Seguridad Inspector Mayor Ricardo M\u00e9ndez presentes en el establecimiento para el acto.<\/p>\n<p>&nbsp;<\/p>\n<p>De esta manera, la<strong> dotaci\u00f3n de la Unidad 17 qued\u00f3 integrada por 387 agentes,<\/strong> de los cuales<strong> 92 son oficiales y 295 suboficiales<\/strong>. En tanto <strong>10 agentes m\u00e1s se encuentran capacit\u00e1ndose en el curso<\/strong> de Guardias pr\u00f3ximos a ingresar.<\/p>\n<p>&nbsp;<\/p>\n<p><img data-recalc-dims=\"1\" loading=\"lazy\" decoding=\"async\" class=\"aligncenter wp-image-71997 size-full\" src=\"https:\/\/i0.wp.com\/cdnoticias.com\/wp-content\/uploads\/2022\/12\/U17-Nuevos-agentes-Diciembre-2022b.jpg?resize=800%2C533&#038;ssl=1\" alt=\"\" width=\"800\" height=\"533\" srcset=\"https:\/\/i0.wp.com\/cdnoticias.com\/wp-content\/uploads\/2022\/12\/U17-Nuevos-agentes-Diciembre-2022b.jpg?w=1280&amp;ssl=1 1280w, https:\/\/i0.wp.com\/cdnoticias.com\/wp-content\/uploads\/2022\/12\/U17-Nuevos-agentes-Diciembre-2022b.jpg?resize=300%2C200&amp;ssl=1 300w, https:\/\/i0.wp.com\/cdnoticias.com\/wp-content\/uploads\/2022\/12\/U17-Nuevos-agentes-Diciembre-2022b.jpg?resize=1024%2C682&amp;ssl=1 1024w, https:\/\/i0.wp.com\/cdnoticias.com\/wp-content\/uploads\/2022\/12\/U17-Nuevos-agentes-Diciembre-2022b.jpg?resize=768%2C512&amp;ssl=1 768w, https:\/\/i0.wp.com\/cdnoticias.com\/wp-content\/uploads\/2022\/12\/U17-Nuevos-agentes-Diciembre-2022b.jpg?resize=272%2C182&amp;ssl=1 272w\" sizes=\"auto, (max-width: 800px) 100vw, 800px\" \/><\/p>\n","protected":false},"excerpt":{"rendered":"<p>Se trata de 28 j\u00f3venes de Bol\u00edvar, Urdampilleta y Pirovano.<\/p>\n","protected":false},"author":6,"featured_media":71995,"comment_status":"closed","ping_status":"closed","sticky":false,"template":"","format":"standard","meta":{"_jetpack_memberships_contains_paid_content":false,"footnotes":""},"categories":[5,1],"tags":[],"class_list":["post-71994","post","type-post","status-publish","format-standard","has-post-thumbnail","hentry","category-informacion-general","category-portada"],"jetpack_featured_media_url":"https:\/\/i0.wp.com\/cdnoticias.com\/wp-content\/uploads\/2022\/12\/U17-Nuevos-agentes-Diciembre-2022.jpg?fit=1600%2C1200&ssl=1","jetpack_sharing_enabled":true,"_links":{"self":[{"href":"https:\/\/cdnoticias.com\/index.php\/wp-json\/wp\/v2\/posts\/71994","targetHints":{"allow":["GET"]}}],"collection":[{"href":"https:\/\/cdnoticias.com\/index.php\/wp-json\/wp\/v2\/posts"}],"about":[{"href":"https:\/\/cdnoticias.com\/index.php\/wp-json\/wp\/v2\/types\/post"}],"author":[{"embeddable":true,"href":"https:\/\/cdnoticias.com\/index.php\/wp-json\/wp\/v2\/users\/6"}],"replies":[{"embeddable":true,"href":"https:\/\/cdnoticias.com\/index.php\/wp-json\/wp\/v2\/comments?post=71994"}],"version-history":[{"count":0,"href":"https:\/\/cdnoticias.com\/index.php\/wp-json\/wp\/v2\/posts\/71994\/revisions"}],"wp:featuredmedia":[{"embeddable":true,"href":"https:\/\/cdnoticias.com\/index.php\/wp-json\/wp\/v2\/media\/71995"}],"wp:attachment":[{"href":"https:\/\/cdnoticias.com\/index.php\/wp-json\/wp\/v2\/media?parent=71994"}],"wp:term":[{"taxonomy":"category","embeddable":true,"href":"https:\/\/cdnoticias.com\/index.php\/wp-json\/wp\/v2\/categories?post=71994"},{"taxonomy":"post_tag","embeddable":true,"href":"https:\/\/cdnoticias.com\/index.php\/wp-json\/wp\/v2\/tags?post=71994"}],"curies":[{"name":"wp","href":"https:\/\/api.w.org\/{rel}","templated":true}]}}