{"id":71992,"date":"2022-12-08T09:49:54","date_gmt":"2022-12-08T12:49:54","guid":{"rendered":"https:\/\/www.centraldenoticias.com.ar\/?p=71992"},"modified":"2022-12-08T09:49:54","modified_gmt":"2022-12-08T12:49:54","slug":"dolagaray-hay-casi-120-afiliados-trabajando-por-un-mismo-objetivo-que-es-volver-a-gobernar-olavarria","status":"publish","type":"post","link":"https:\/\/cdnoticias.com\/index.php\/2022\/12\/08\/dolagaray-hay-casi-120-afiliados-trabajando-por-un-mismo-objetivo-que-es-volver-a-gobernar-olavarria\/","title":{"rendered":"Dolagaray: \u201chay casi 120 afiliados trabajando por un mismo objetivo que es volver a gobernar Olavarr\u00eda&#8221;"},"content":{"rendered":"<p>As\u00ed lo afirm\u00f3 el actual presidente de la UCR Olavarr\u00eda. <!--more--><\/p>\n<hr \/>\n<p>El <strong>actual presidente de la Uni\u00f3n C\u00edvica Radical de Olavarr\u00eda, Gonzalo Dolagaray,<\/strong> realiz\u00f3 un <strong>balance de los casi dos a\u00f1os<\/strong> que le toc\u00f3 estar al frente del partido centenario a nivel local.<\/p>\n<p>&nbsp;<\/p>\n<p>En este sentido, manifest\u00f3 que <strong>\u201ces totalmente positivo, el partido en este a\u00f1o y medio que me toc\u00f3 presidir fue en crecimiento continuo<\/strong>. Comenzamos llevando adelante una elecci\u00f3n legislativa como hab\u00edamos prometido en campa\u00f1a, luego de seis a\u00f1os que la UCR no pod\u00eda presentar candidatos por diferentes factores, logrando dos concejales que est\u00e1n trabajando de manera excelente. <strong>Tambi\u00e9n logramos crear por primera vez los Comit\u00e9 de Circuito, lo que nos da un mayor acercamiento a la realidad de cada barrio en nuestra ciudad\u201d.<\/strong><\/p>\n<p>&nbsp;<\/p>\n<p>Adem\u00e1s, expres\u00f3 que \u201c<strong>hemos logrado avanzar fuertemente en la reconstrucci\u00f3n de nuestro Comit\u00e9, lo que es de gran importancia para todos los radicales de la ciudad<\/strong>. Se form\u00f3 una Comisi\u00f3n Especial que no par\u00f3 de generar actividades y recaudar fondos para avanzar con la obra. Pero hubo un antes y un despu\u00e9s debido a la cena que se realiz\u00f3 en agosto donde compraron la tarjeta 350 afiliados y recibidos el acompa\u00f1amiento de las m\u00e1ximas autoridades partidarias a nivel nacional y provincial, como Gerardo Morales y Maximiliano Abad. <strong>Apostamos mucho y hoy podemos decir que es cuesti\u00f3n de d\u00edas para volver a casa\u201d.\u00a0<\/strong><\/p>\n<p>&nbsp;<\/p>\n<p>Asimismo, tambi\u00e9n a\u00f1adi\u00f3: \u201c<strong><em>Tuvimos un acercamiento continuo hacia el afiliado para poder contarle qu\u00e9 est\u00e1bamos haciendo y cu\u00e1les eran las ideas que quer\u00edamos llevar adelante. La Juventud Radical se convirti\u00f3 en un pilar fundamental, ya que hemos trabajado codo a codo. Son j\u00f3venes con un gran compromiso y responsabilidad que nos han apoyado en todo este tiempo y han generado sus propios proyectos. Por eso el saldo es totalmente positivo\u201d.\u00a0<\/em><\/strong><\/p>\n<p>&nbsp;<\/p>\n<p>Por otra parte, en relaci\u00f3n a la continuidad de una misma l\u00ednea pol\u00edtica al frente de la conducci\u00f3n de la UCR Dolagaray enunci\u00f3 que \u201cEvoluci\u00f3n Radical tiene dirigentes j\u00f3venes, que tienen otra impronta y asumen los liderazgos. Adem\u00e1s,<strong> hay un convencimiento desde el trabajo por querer cambiar la realidad que hoy sufrimos en Argentina<\/strong>. Como dice Mart\u00edn Lousteau, nos queremos hacer cargo de los desaf\u00edos y cuanto m\u00e1s jodidos sean m\u00e1s protagonistas queremos ser\u201d.<\/p>\n<p>&nbsp;<\/p>\n<p>En esta misma l\u00ednea, formul\u00f3 que \u201cno se trata de una sola persona\u201d sino que \u201c<strong>hay un gran equipo detr\u00e1s<\/strong>\u201d y que \u201cen la lista que presentamos para la \u00faltima interna hay casi 120 afiliados trabajando por un mismo objetivo que es<strong> volver a gobernar Olavarr\u00eda<\/strong>. <strong>Elegimos a Bel\u00e9n Vergel para que la encabece porque entendemos que es la figura que mejor nos representa\u201d.<\/strong><\/p>\n<p>&nbsp;<\/p>\n<p>Por \u00faltimo, con respecto a un fortalecimiento de una generaci\u00f3n de dirigentes que dirigieron y dirigen el Comit\u00e9, expuso: \u201cSin dudas hay un crecimiento de una generaci\u00f3n que viene trabajando y militando desde muy j\u00f3venes. Los \u00faltimos cinco presidentes salimos de la JR y Franja Morada y hemos ocupado distintos lugares m\u00e1s all\u00e1 de la presidencia. Somos una generaci\u00f3n que quiere dejar en lo m\u00e1s alto a la UCR\u201d.<\/p>\n","protected":false},"excerpt":{"rendered":"<p>As\u00ed lo afirm\u00f3 el actual presidente de la UCR Olavarr\u00eda.<\/p>\n","protected":false},"author":6,"featured_media":16796,"comment_status":"closed","ping_status":"closed","sticky":false,"template":"","format":"standard","meta":{"_jetpack_memberships_contains_paid_content":false,"footnotes":""},"categories":[4,1],"tags":[],"class_list":["post-71992","post","type-post","status-publish","format-standard","has-post-thumbnail","hentry","category-politica","category-portada"],"jetpack_featured_media_url":"https:\/\/i0.wp.com\/cdnoticias.com\/wp-content\/uploads\/2021\/03\/dolagaray02.jpg?fit=800%2C445&ssl=1","jetpack_sharing_enabled":true,"_links":{"self":[{"href":"https:\/\/cdnoticias.com\/index.php\/wp-json\/wp\/v2\/posts\/71992","targetHints":{"allow":["GET"]}}],"collection":[{"href":"https:\/\/cdnoticias.com\/index.php\/wp-json\/wp\/v2\/posts"}],"about":[{"href":"https:\/\/cdnoticias.com\/index.php\/wp-json\/wp\/v2\/types\/post"}],"author":[{"embeddable":true,"href":"https:\/\/cdnoticias.com\/index.php\/wp-json\/wp\/v2\/users\/6"}],"replies":[{"embeddable":true,"href":"https:\/\/cdnoticias.com\/index.php\/wp-json\/wp\/v2\/comments?post=71992"}],"version-history":[{"count":0,"href":"https:\/\/cdnoticias.com\/index.php\/wp-json\/wp\/v2\/posts\/71992\/revisions"}],"wp:featuredmedia":[{"embeddable":true,"href":"https:\/\/cdnoticias.com\/index.php\/wp-json\/wp\/v2\/media\/16796"}],"wp:attachment":[{"href":"https:\/\/cdnoticias.com\/index.php\/wp-json\/wp\/v2\/media?parent=71992"}],"wp:term":[{"taxonomy":"category","embeddable":true,"href":"https:\/\/cdnoticias.com\/index.php\/wp-json\/wp\/v2\/categories?post=71992"},{"taxonomy":"post_tag","embeddable":true,"href":"https:\/\/cdnoticias.com\/index.php\/wp-json\/wp\/v2\/tags?post=71992"}],"curies":[{"name":"wp","href":"https:\/\/api.w.org\/{rel}","templated":true}]}}