{"id":71972,"date":"2022-12-08T19:45:53","date_gmt":"2022-12-08T22:45:53","guid":{"rendered":"https:\/\/www.centraldenoticias.com.ar\/?p=71972"},"modified":"2022-12-08T19:45:53","modified_gmt":"2022-12-08T22:45:53","slug":"el-area-de-diversidad-realizara-una-jornada-recreativa-en-el-parque-helios-eseverri","status":"publish","type":"post","link":"https:\/\/cdnoticias.com\/index.php\/2022\/12\/08\/el-area-de-diversidad-realizara-una-jornada-recreativa-en-el-parque-helios-eseverri\/","title":{"rendered":"El \u00e1rea de Diversidad realizar\u00e1 una jornada recreativa en el parque Helios Eseverri"},"content":{"rendered":"<p>Se llevar\u00e1 a cabo el pr\u00f3ximo lunes 12 de diciembre. <!--more--><\/p>\n<hr \/>\n<p>La Direcci\u00f3n de Pol\u00edticas de G\u00e9nero del Municipio de Olavarr\u00eda, a trav\u00e9s del \u00e1rea de Diversidad, convoca a una<strong> jornada recreativa <\/strong>que se llevar\u00e1 a cabo el<strong> pr\u00f3ximo lunes 12 de diciembre.<\/strong><\/p>\n<p>&nbsp;<\/p>\n<p>La actividad se realizar\u00e1 <strong>desde las 18 horas, en el Parque Helios Eseverri.<\/strong><\/p>\n<p>&nbsp;<\/p>\n<p>La propuesta se llevar\u00e1 a cabo en articulaci\u00f3n con el <strong>grupo de disidencias \u201cMovimiento Trans No Binarie\u201d,<\/strong> y se prev\u00e9 la realizaci\u00f3n de<strong> actividades de juegos y charla<\/strong> al tiempo que comparten un espacio de merienda grupal en inmediaciones del parque.<\/p>\n<p>&nbsp;<\/p>\n<p>Desde el \u00e1rea de Diversidad se\u00f1alaron que<em><strong> \u201cser\u00e1 una oportunidad para encontrarnos y compartir experiencias y sentires en un marco de un espacio afectuoso y de cuidado\u201d.<\/strong><\/em><\/p>\n<p>&nbsp;<\/p>\n<p>&nbsp;<\/p>\n","protected":false},"excerpt":{"rendered":"<p>Se llevar\u00e1 a cabo el pr\u00f3ximo lunes 12 de diciembre.<\/p>\n","protected":false},"author":6,"featured_media":71985,"comment_status":"closed","ping_status":"closed","sticky":false,"template":"","format":"standard","meta":{"_jetpack_memberships_contains_paid_content":false,"footnotes":""},"categories":[3,1],"tags":[],"class_list":["post-71972","post","type-post","status-publish","format-standard","has-post-thumbnail","hentry","category-genero","category-portada"],"jetpack_featured_media_url":"https:\/\/i0.wp.com\/cdnoticias.com\/wp-content\/uploads\/2022\/12\/DH-Diversidad-2-1024x683-1.jpg?fit=1024%2C683&ssl=1","jetpack_sharing_enabled":true,"_links":{"self":[{"href":"https:\/\/cdnoticias.com\/index.php\/wp-json\/wp\/v2\/posts\/71972","targetHints":{"allow":["GET"]}}],"collection":[{"href":"https:\/\/cdnoticias.com\/index.php\/wp-json\/wp\/v2\/posts"}],"about":[{"href":"https:\/\/cdnoticias.com\/index.php\/wp-json\/wp\/v2\/types\/post"}],"author":[{"embeddable":true,"href":"https:\/\/cdnoticias.com\/index.php\/wp-json\/wp\/v2\/users\/6"}],"replies":[{"embeddable":true,"href":"https:\/\/cdnoticias.com\/index.php\/wp-json\/wp\/v2\/comments?post=71972"}],"version-history":[{"count":0,"href":"https:\/\/cdnoticias.com\/index.php\/wp-json\/wp\/v2\/posts\/71972\/revisions"}],"wp:featuredmedia":[{"embeddable":true,"href":"https:\/\/cdnoticias.com\/index.php\/wp-json\/wp\/v2\/media\/71985"}],"wp:attachment":[{"href":"https:\/\/cdnoticias.com\/index.php\/wp-json\/wp\/v2\/media?parent=71972"}],"wp:term":[{"taxonomy":"category","embeddable":true,"href":"https:\/\/cdnoticias.com\/index.php\/wp-json\/wp\/v2\/categories?post=71972"},{"taxonomy":"post_tag","embeddable":true,"href":"https:\/\/cdnoticias.com\/index.php\/wp-json\/wp\/v2\/tags?post=71972"}],"curies":[{"name":"wp","href":"https:\/\/api.w.org\/{rel}","templated":true}]}}