{"id":71955,"date":"2022-12-07T13:54:42","date_gmt":"2022-12-07T16:54:42","guid":{"rendered":"https:\/\/www.centraldenoticias.com.ar\/?p=71955"},"modified":"2022-12-07T16:49:54","modified_gmt":"2022-12-07T19:49:54","slug":"nueva-sede-de-osam-lo-que-hacemos-es-para-nuestros-companeros-de-trabajo","status":"publish","type":"post","link":"https:\/\/cdnoticias.com\/index.php\/2022\/12\/07\/nueva-sede-de-osam-lo-que-hacemos-es-para-nuestros-companeros-de-trabajo\/","title":{"rendered":"Nueva sede de OSAM: \u201cLo que hacemos es para nuestros compa\u00f1eros de trabajo\u201d"},"content":{"rendered":"<p>Se inauguraron las instalaciones para la Obra Social de la Actividad Minera que desde el lunes pr\u00f3ximo atender\u00e1 en 9 de Julio 3272.<!--more--><\/p>\n<hr \/>\n<p><strong>Este mi\u00e9rcoles al mediod\u00eda se inaugur\u00f3 la nueva sede de la Obra Social de la Actividad Minera (OSAM)<\/strong>: a partir del lunes pr\u00f3ximo atender\u00e1 en<strong> 9 de Julio 3272.<\/strong><\/p>\n<p>&nbsp;<\/p>\n<p>El acto oficial cont\u00f3 con <strong>H\u00e9ctor Oscar Laplace, secretario General Nacional de la Asociaci\u00f3n Obrera Minera Argentina (AOMA)<\/strong>, quien estuvo junto al <strong>secretario general de AOMA Seccional Olavarr\u00eda Alejandro Santill\u00e1n<\/strong> y dem\u00e1s referentes de la provincia.<\/p>\n<p>&nbsp;<\/p>\n<p><img data-recalc-dims=\"1\" loading=\"lazy\" decoding=\"async\" class=\"size-large wp-image-71939 aligncenter\" src=\"https:\/\/i0.wp.com\/cdnoticias.com\/wp-content\/uploads\/2022\/12\/inauguracion-osam-aoma-2.jpg?resize=800%2C445&#038;ssl=1\" alt=\"\" width=\"800\" height=\"445\" srcset=\"https:\/\/i0.wp.com\/cdnoticias.com\/wp-content\/uploads\/2022\/12\/inauguracion-osam-aoma-2-scaled.jpg?resize=1024%2C570&amp;ssl=1 1024w, https:\/\/i0.wp.com\/cdnoticias.com\/wp-content\/uploads\/2022\/12\/inauguracion-osam-aoma-2-scaled.jpg?resize=300%2C167&amp;ssl=1 300w, https:\/\/i0.wp.com\/cdnoticias.com\/wp-content\/uploads\/2022\/12\/inauguracion-osam-aoma-2-scaled.jpg?resize=768%2C427&amp;ssl=1 768w, https:\/\/i0.wp.com\/cdnoticias.com\/wp-content\/uploads\/2022\/12\/inauguracion-osam-aoma-2-scaled.jpg?resize=1536%2C854&amp;ssl=1 1536w, https:\/\/i0.wp.com\/cdnoticias.com\/wp-content\/uploads\/2022\/12\/inauguracion-osam-aoma-2-scaled.jpg?resize=2048%2C1139&amp;ssl=1 2048w, https:\/\/i0.wp.com\/cdnoticias.com\/wp-content\/uploads\/2022\/12\/inauguracion-osam-aoma-2-scaled.jpg?resize=800%2C445&amp;ssl=1 800w, https:\/\/i0.wp.com\/cdnoticias.com\/wp-content\/uploads\/2022\/12\/inauguracion-osam-aoma-2-scaled.jpg?w=1600&amp;ssl=1 1600w, https:\/\/i0.wp.com\/cdnoticias.com\/wp-content\/uploads\/2022\/12\/inauguracion-osam-aoma-2-scaled.jpg?w=2400&amp;ssl=1 2400w\" sizes=\"auto, (max-width: 800px) 100vw, 800px\" \/><\/p>\n<p>&nbsp;<\/p>\n<p>El dirigente local fue el primero en tomar la palabra durante la apertura. Expuso que <em>\u201cla sede de calle Lamadrid -donde actualmente funciona la obra social- es una casa muy vieja y las condiciones no eran las mejores\u201d.<\/em><\/p>\n<p>&nbsp;<\/p>\n<blockquote><p>Santill\u00e1n se\u00f1al\u00f3 que hab\u00eda dos objetivos para contar con el acondicionamiento del edificio de calle 9 de Julio. Por un lado, la necesidad de \u201cacondicionar el sal\u00f3n de reuniones\u201d con que all\u00ed se cuenta. Por otro, el intenso uso de las instalaciones para los servicios sociales, ya que \u201chay m\u00e1s de 8.000 personas en Olavarr\u00eda que usan nuestra obra social\u201d.<\/p><\/blockquote>\n<p>&nbsp;<\/p>\n<p>Por \u00faltimo, proyect\u00f3 que <strong>para el a\u00f1o pr\u00f3ximo se avanzar\u00e1 con mejoras en el predio de camping<\/strong> con que cuenta AOMA.<\/p>\n<p>&nbsp;<\/p>\n<p><img data-recalc-dims=\"1\" loading=\"lazy\" decoding=\"async\" class=\"size-large wp-image-71945 aligncenter\" src=\"https:\/\/i0.wp.com\/cdnoticias.com\/wp-content\/uploads\/2022\/12\/laplace-santillan.jpg?resize=800%2C445&#038;ssl=1\" alt=\"\" width=\"800\" height=\"445\" srcset=\"https:\/\/i0.wp.com\/cdnoticias.com\/wp-content\/uploads\/2022\/12\/laplace-santillan-scaled.jpg?resize=1024%2C570&amp;ssl=1 1024w, https:\/\/i0.wp.com\/cdnoticias.com\/wp-content\/uploads\/2022\/12\/laplace-santillan-scaled.jpg?resize=300%2C167&amp;ssl=1 300w, https:\/\/i0.wp.com\/cdnoticias.com\/wp-content\/uploads\/2022\/12\/laplace-santillan-scaled.jpg?resize=768%2C427&amp;ssl=1 768w, https:\/\/i0.wp.com\/cdnoticias.com\/wp-content\/uploads\/2022\/12\/laplace-santillan-scaled.jpg?resize=1536%2C854&amp;ssl=1 1536w, https:\/\/i0.wp.com\/cdnoticias.com\/wp-content\/uploads\/2022\/12\/laplace-santillan-scaled.jpg?resize=2048%2C1139&amp;ssl=1 2048w, https:\/\/i0.wp.com\/cdnoticias.com\/wp-content\/uploads\/2022\/12\/laplace-santillan-scaled.jpg?resize=800%2C445&amp;ssl=1 800w, https:\/\/i0.wp.com\/cdnoticias.com\/wp-content\/uploads\/2022\/12\/laplace-santillan-scaled.jpg?w=1600&amp;ssl=1 1600w, https:\/\/i0.wp.com\/cdnoticias.com\/wp-content\/uploads\/2022\/12\/laplace-santillan-scaled.jpg?w=2400&amp;ssl=1 2400w\" sizes=\"auto, (max-width: 800px) 100vw, 800px\" \/><\/p>\n<p>&nbsp;<\/p>\n<p>Luego, <strong>Laplace record\u00f3 que hace unos 15 a\u00f1os en la misma sede se realizaban asambleas<\/strong> y en aquella instancia se defin\u00eda la \u201cunidad\u201d de los trabajadores mineros de las seccionales cal y piedra.<em> \u201cUnificar era darle mayores y mejores beneficios a nuestra gente, y hoy podemos disfrutar de estas cosas\u201d<\/em> defini\u00f3.<\/p>\n<p>&nbsp;<\/p>\n<blockquote><p>En referencia a las mejoras edilicias para OSAM, el secretario general nacional resalt\u00f3 que \u201clas cosas se hacen por el empe\u00f1o, el esfuerzo, la seriedad, la responsabilidad con que se manejan no solamente los fondos de la instituci\u00f3n sino sus dirigentes\u201d. Con ello elogi\u00f3 la gesti\u00f3n de Alejandro Santill\u00e1n y su equipo en Olavarr\u00eda.<\/p><\/blockquote>\n<p>&nbsp;<\/p>\n<p><strong>\u201cEs bien merecedora la familia minera de Olavarr\u00eda de tener un lugar como ellos se merecen.<\/strong> No buscamos lujos, sencillamente que est\u00e9n en el mejor lugar\u201d celebro el dirigente nacional quien adem\u00e1s hizo menci\u00f3n a que es oriundo de Sierras Bayas.<\/p>\n<p>&nbsp;<\/p>\n<p><img data-recalc-dims=\"1\" loading=\"lazy\" decoding=\"async\" class=\"size-large wp-image-71941 aligncenter\" src=\"https:\/\/i0.wp.com\/cdnoticias.com\/wp-content\/uploads\/2022\/12\/laplace-hector-1.jpg?resize=800%2C445&#038;ssl=1\" alt=\"\" width=\"800\" height=\"445\" srcset=\"https:\/\/i0.wp.com\/cdnoticias.com\/wp-content\/uploads\/2022\/12\/laplace-hector-1-scaled.jpg?resize=1024%2C570&amp;ssl=1 1024w, https:\/\/i0.wp.com\/cdnoticias.com\/wp-content\/uploads\/2022\/12\/laplace-hector-1-scaled.jpg?resize=300%2C167&amp;ssl=1 300w, https:\/\/i0.wp.com\/cdnoticias.com\/wp-content\/uploads\/2022\/12\/laplace-hector-1-scaled.jpg?resize=768%2C427&amp;ssl=1 768w, https:\/\/i0.wp.com\/cdnoticias.com\/wp-content\/uploads\/2022\/12\/laplace-hector-1-scaled.jpg?resize=1536%2C854&amp;ssl=1 1536w, https:\/\/i0.wp.com\/cdnoticias.com\/wp-content\/uploads\/2022\/12\/laplace-hector-1-scaled.jpg?resize=2048%2C1139&amp;ssl=1 2048w, https:\/\/i0.wp.com\/cdnoticias.com\/wp-content\/uploads\/2022\/12\/laplace-hector-1-scaled.jpg?resize=800%2C445&amp;ssl=1 800w, https:\/\/i0.wp.com\/cdnoticias.com\/wp-content\/uploads\/2022\/12\/laplace-hector-1-scaled.jpg?w=1600&amp;ssl=1 1600w, https:\/\/i0.wp.com\/cdnoticias.com\/wp-content\/uploads\/2022\/12\/laplace-hector-1-scaled.jpg?w=2400&amp;ssl=1 2400w\" sizes=\"auto, (max-width: 800px) 100vw, 800px\" \/><\/p>\n<p>&nbsp;<\/p>\n<p><strong>\u201cLo que hacemos es para nuestros compa\u00f1eros de trabajo\u201d<\/strong> enfatiz\u00f3 H\u00e9ctor Laplace en el cierre de su intervenci\u00f3n.<\/p>\n<p>&nbsp;<\/p>\n<p>Entre los asistentes al acto, se contaron <strong>miembros de AOMA de las seccionales Buenos Aires y Tandil,<\/strong> el <em>subsecretario de Miner\u00eda de la provincia de Buenos Aires, Federico Aguilera, el concejal Maximiliano Wesner (Frente de Todos) y el titular de la Delegaci\u00f3n Olavarr\u00eda del Ministerio de Trabajo de la provincia de Buenos Aires, Lucas Miriuka.<\/em><\/p>\n<p>&nbsp;<\/p>\n<p><span style=\"text-decoration: underline;\"><strong>La nueva sede<\/strong><\/span><\/p>\n<p>&nbsp;<\/p>\n<p>El horario de atenci\u00f3n se mantendr\u00e1 de 8 a 17 de lunes a jueves y de 8 a 16 los viernes en esta nueva sede c\u00e9ntrica al igual que en las oficinas de Sierras Bayas y Loma Negra.<\/p>\n<p>&nbsp;<\/p>\n<p>En la sede de la calle 9 de Julio 3272 el nuevo n\u00famero de contacto telef\u00f3nico ser\u00e1 el (02284) 415905 (fijo) mientras que se mantendr\u00e1 el mismo WhatsApp (02284) 15549450, solo para mensajes.<\/p>\n<p>&nbsp;<\/p>\n<p><img data-recalc-dims=\"1\" loading=\"lazy\" decoding=\"async\" class=\"size-large wp-image-71947 aligncenter\" src=\"https:\/\/i0.wp.com\/cdnoticias.com\/wp-content\/uploads\/2022\/12\/santillan-alejandro-1.jpg?resize=800%2C445&#038;ssl=1\" alt=\"\" width=\"800\" height=\"445\" srcset=\"https:\/\/i0.wp.com\/cdnoticias.com\/wp-content\/uploads\/2022\/12\/santillan-alejandro-1-scaled.jpg?resize=1024%2C570&amp;ssl=1 1024w, https:\/\/i0.wp.com\/cdnoticias.com\/wp-content\/uploads\/2022\/12\/santillan-alejandro-1-scaled.jpg?resize=300%2C167&amp;ssl=1 300w, https:\/\/i0.wp.com\/cdnoticias.com\/wp-content\/uploads\/2022\/12\/santillan-alejandro-1-scaled.jpg?resize=768%2C427&amp;ssl=1 768w, https:\/\/i0.wp.com\/cdnoticias.com\/wp-content\/uploads\/2022\/12\/santillan-alejandro-1-scaled.jpg?resize=1536%2C855&amp;ssl=1 1536w, https:\/\/i0.wp.com\/cdnoticias.com\/wp-content\/uploads\/2022\/12\/santillan-alejandro-1-scaled.jpg?resize=2048%2C1140&amp;ssl=1 2048w, https:\/\/i0.wp.com\/cdnoticias.com\/wp-content\/uploads\/2022\/12\/santillan-alejandro-1-scaled.jpg?resize=800%2C445&amp;ssl=1 800w, https:\/\/i0.wp.com\/cdnoticias.com\/wp-content\/uploads\/2022\/12\/santillan-alejandro-1-scaled.jpg?w=1600&amp;ssl=1 1600w, https:\/\/i0.wp.com\/cdnoticias.com\/wp-content\/uploads\/2022\/12\/santillan-alejandro-1-scaled.jpg?w=2400&amp;ssl=1 2400w\" sizes=\"auto, (max-width: 800px) 100vw, 800px\" \/><\/p>\n<p>&nbsp;<\/p>\n","protected":false},"excerpt":{"rendered":"<p>Se inauguraron las instalaciones para la Obra Social de la Actividad Minera que desde el lunes pr\u00f3ximo atender\u00e1 en 9<\/p>\n","protected":false},"author":4,"featured_media":71938,"comment_status":"closed","ping_status":"closed","sticky":false,"template":"","format":"standard","meta":{"_jetpack_memberships_contains_paid_content":false,"footnotes":""},"categories":[5,1],"tags":[],"class_list":["post-71955","post","type-post","status-publish","format-standard","has-post-thumbnail","hentry","category-informacion-general","category-portada"],"jetpack_featured_media_url":"https:\/\/i0.wp.com\/cdnoticias.com\/wp-content\/uploads\/2022\/12\/inauguracion-osam-aoma1-scaled.jpg?fit=2560%2C1424&ssl=1","jetpack_sharing_enabled":true,"_links":{"self":[{"href":"https:\/\/cdnoticias.com\/index.php\/wp-json\/wp\/v2\/posts\/71955","targetHints":{"allow":["GET"]}}],"collection":[{"href":"https:\/\/cdnoticias.com\/index.php\/wp-json\/wp\/v2\/posts"}],"about":[{"href":"https:\/\/cdnoticias.com\/index.php\/wp-json\/wp\/v2\/types\/post"}],"author":[{"embeddable":true,"href":"https:\/\/cdnoticias.com\/index.php\/wp-json\/wp\/v2\/users\/4"}],"replies":[{"embeddable":true,"href":"https:\/\/cdnoticias.com\/index.php\/wp-json\/wp\/v2\/comments?post=71955"}],"version-history":[{"count":0,"href":"https:\/\/cdnoticias.com\/index.php\/wp-json\/wp\/v2\/posts\/71955\/revisions"}],"wp:featuredmedia":[{"embeddable":true,"href":"https:\/\/cdnoticias.com\/index.php\/wp-json\/wp\/v2\/media\/71938"}],"wp:attachment":[{"href":"https:\/\/cdnoticias.com\/index.php\/wp-json\/wp\/v2\/media?parent=71955"}],"wp:term":[{"taxonomy":"category","embeddable":true,"href":"https:\/\/cdnoticias.com\/index.php\/wp-json\/wp\/v2\/categories?post=71955"},{"taxonomy":"post_tag","embeddable":true,"href":"https:\/\/cdnoticias.com\/index.php\/wp-json\/wp\/v2\/tags?post=71955"}],"curies":[{"name":"wp","href":"https:\/\/api.w.org\/{rel}","templated":true}]}}